{"id":9464,"date":"2023-09-29T10:25:50","date_gmt":"2023-09-29T09:25:50","guid":{"rendered":"http:\/\/technischesdesign.mw.tu-dresden.de\/blog\/?p=9464"},"modified":"2023-09-29T10:25:51","modified_gmt":"2023-09-29T09:25:51","slug":"anmeldung-und-beitragseinreichung-fuer-eee2024-entwerfen-etwickeln-erleben","status":"publish","type":"post","link":"https:\/\/technischesdesign.mw.tu-dresden.de\/blog\/anmeldung-und-beitragseinreichung-fuer-eee2024-entwerfen-etwickeln-erleben\/","title":{"rendered":"Anmeldung und Beitragseinreichung f\u00fcr EEE2024 Entwerfen Etwickeln Erleben"},"content":{"rendered":"\n<p>die Anmeldung zur <strong>#Konferenz<\/strong> EEE2024 <strong>#Entwerfen<\/strong> <strong>#Entwickeln<\/strong> <strong>#Erleben<\/strong> ist jetzt unter&nbsp;https:\/\/conftool.org\/eee2024&nbsp;m\u00f6glich.&nbsp;<\/p>\n\n\n\n<p>Die Konferenz adressiert die Themen virtuelle Entwicklung und menschzentriertes <strong>#Design<\/strong>. Wir erwarten Beitr\u00e4ge zur aktuellen Forschung aus der <strong>#Produktentwicklung<\/strong> und angrenzenden Wissenschaftsbereichen sowie relevante Fallstudien unterschiedlicher Branchen vor dem Hintergrund des technologischen, gesellschaftlichen und nachhaltigen Wandels. Ziel ist es, einen fundierten Blick \u00fcber den Tellerrand der eigenen Praxis zu bieten, um mit vielf\u00e4ltigen interdisziplin\u00e4ren Ankn\u00fcpfungspunkten Impulse f\u00fcr Ihre eigene Arbeit zu setzen.<\/p>\n\n\n\n<p>Unter&nbsp;https:\/\/conftool.org\/eee2024&nbsp;k\u00f6nnen noch bis zum 31.10.2023 Kurzfassungen f\u00fcr Beitr\u00e4ge eingereicht werden.&nbsp;<\/p>\n\n\n\n<p>Alle weiteren Informationen zur Veranstaltung wie die Formatvorlage, Termine und Veranstaltungsort sind unter\u00a0https:\/\/eee-dresden.de\u00a0zu finden.<\/p>\n\n\n\n<p><a href=\"https:\/\/www.linkedin.com\/company\/42927566\/admin\/feed\/posts\/#\">Technische Universit\u00e4t Dresden<\/a> <a href=\"https:\/\/www.linkedin.com\/company\/42927566\/admin\/feed\/posts\/#\">Technisches Design | td<\/a> <a href=\"https:\/\/www.linkedin.com\/company\/42927566\/admin\/feed\/posts\/#\">VPE Virtuelle Produktentwicklung<\/a> <a href=\"https:\/\/www.linkedin.com\/company\/42927566\/admin\/feed\/posts\/#\">Kristin Paetzold-Byhain<\/a> <a href=\"https:\/\/www.linkedin.com\/company\/42927566\/admin\/feed\/posts\/#\">Jens Krzywinski<\/a><\/p>\n","protected":false},"excerpt":{"rendered":"<p>die Anmeldung zur #Konferenz EEE2024 #Entwerfen #Entwickeln #Erleben ist jetzt unter&nbsp;https:\/\/conftool.org\/eee2024&nbsp;m\u00f6glich.&nbsp; Die Konferenz adressiert die Themen virtuelle Entwicklung und menschzentriertes #Design. Wir erwarten Beitr\u00e4ge zur aktuellen Forschung aus der #Produktentwicklung und angrenzenden Wissenschaftsbereichen sowie relevante Fallstudien unterschiedlicher Branchen vor dem Hintergrund des technologischen, gesellschaftlichen und nachhaltigen Wandels. Ziel ist es, einen fundierten Blick \u00fcber den [&hellip;]<\/p>\n","protected":false},"author":1,"featured_media":9465,"comment_status":"closed","ping_status":"open","sticky":false,"template":"","format":"standard","meta":[],"categories":[3,5,6],"tags":[47,57,36,688],"_links":{"self":[{"href":"https:\/\/technischesdesign.mw.tu-dresden.de\/blog\/wp-json\/wp\/v2\/posts\/9464"}],"collection":[{"href":"https:\/\/technischesdesign.mw.tu-dresden.de\/blog\/wp-json\/wp\/v2\/posts"}],"about":[{"href":"https:\/\/technischesdesign.mw.tu-dresden.de\/blog\/wp-json\/wp\/v2\/types\/post"}],"author":[{"embeddable":true,"href":"https:\/\/technischesdesign.mw.tu-dresden.de\/blog\/wp-json\/wp\/v2\/users\/1"}],"replies":[{"embeddable":true,"href":"https:\/\/technischesdesign.mw.tu-dresden.de\/blog\/wp-json\/wp\/v2\/comments?post=9464"}],"version-history":[{"count":1,"href":"https:\/\/technischesdesign.mw.tu-dresden.de\/blog\/wp-json\/wp\/v2\/posts\/9464\/revisions"}],"predecessor-version":[{"id":9466,"href":"https:\/\/technischesdesign.mw.tu-dresden.de\/blog\/wp-json\/wp\/v2\/posts\/9464\/revisions\/9466"}],"wp:featuredmedia":[{"embeddable":true,"href":"https:\/\/technischesdesign.mw.tu-dresden.de\/blog\/wp-json\/wp\/v2\/media\/9465"}],"wp:attachment":[{"href":"https:\/\/technischesdesign.mw.tu-dresden.de\/blog\/wp-json\/wp\/v2\/media?parent=9464"}],"wp:term":[{"taxonomy":"category","embeddable":true,"href":"https:\/\/technischesdesign.mw.tu-dresden.de\/blog\/wp-json\/wp\/v2\/categories?post=9464"},{"taxonomy":"post_tag","embeddable":true,"href":"https:\/\/technischesdesign.mw.tu-dresden.de\/blog\/wp-json\/wp\/v2\/tags?post=9464"}],"curies":[{"name":"wp","href":"https:\/\/api.w.org\/{rel}","templated":true}]}}