{"id":8948,"date":"2021-09-07T10:58:10","date_gmt":"2021-09-07T09:58:10","guid":{"rendered":"http:\/\/technischesdesign.mw.tu-dresden.de\/blog\/?p=8948"},"modified":"2021-09-08T15:47:28","modified_gmt":"2021-09-08T14:47:28","slug":"tu-dresden-garden-bei-dem-ars-electronica-festival-2021","status":"publish","type":"post","link":"https:\/\/technischesdesign.mw.tu-dresden.de\/blog\/tu-dresden-garden-bei-dem-ars-electronica-festival-2021\/","title":{"rendered":"TU Dresden Garden bei dem Ars Electronica Festival 2021"},"content":{"rendered":"<p><strong>Seit\u00a0inzwischen \u00fcber 40 Jahren findet j\u00e4hrlich\u00a0das ARS Electronica\u00a0Festival in Linz (\u00d6sterreich) statt.\u00a0Bereits ein Jahr nach der\u00a0Initiierung wurde\u00a01980 das Konzept des Festivals auf Technologie\u00a0\u201cmit dem Schwerpunkt Kunst und Gesellschaft konkretisiert, wobei eine differenzierte Auseinandersetzung mit der Zukunft stets\u00a0ein Anliegen war\u201d und ist.\u00a0\u00a0<\/strong><\/p>\n<p>Im vergangenen Jahr haben wir erstmal mit einem eigenen Angebot eines interaktiven digitalen\u00a0Workshops aktiv am ARS Electronica Festival\u00a0\u201c<em>In\u00a0Keplar\u2019s\u00a0Garden<\/em>\u201d\u00a0teilgenommen.\u00a0F\u00fcr\u00a0das diesj\u00e4hrige\u00a0Festival unter dem Motto \u201c<em>A New Digital Deal<\/em>\u201d\u00a0konnten wir\u00a0als eine\u00a0von\u00a0weit \u00fcber hundert Institutionen\u00a0unsere Teilnahme sogar noch erweitern:\u00a0mit drei Events bietet der\u00a0<a href=\"https:\/\/ars.electronica.art\/newdigitaldeal\/de\/hybrid-knowledge-spaces\/\">TU Dresden\u00a0Garden<\/a>\u00a0neue Perspektiven auf die technologischen und sozialen Herausforderungen\u00a0sowie\u00a0Auswirkungen unseres Zeitalters.\u00a0\u201eDie Verkn\u00fcpfung von digitalen und analogen Welten er\u00f6ffnet neue M\u00f6glichkeiten, die auf unterschiedlichen Ebenen zu einer nachhaltigeren Gesellschaft beitragen k\u00f6nnen\u201c, so Emese Papp, Doktorandin an der TUD-Professur f\u00fcr Technisches\u00a0Design\u00a0und Mitorganisatorin des\u00a0Gardens.\u00a0Im Hinblick dessen,\u00a0wird\u00a0im TU Dresden Garden\u00a0vor allem dar\u00fcber\u00a0diskutiert, wie die n\u00e4chste Generation von Kommunikationstechnologien die Mensch-Maschine-Interaktion\u00a0ver\u00e4ndert\u00a0und\u00a0die\u00a0Demokratisierung von Wissen und F\u00e4higkeiten vorantreiben kann. Weiterhin werden die Grenzen des Materials und der Materialforschung Thema sein,\u00a0insbesondere\u00a0vor dem Hintergrund der \u00f6kologischen Nachhaltigkeit.\u00a0Neben\u00a0diesen Impulsen\u00a0bietet\u00a0der TU Dresden Garden auch konkrete Einblicke in interdisziplin\u00e4re Forschungsprojekte\u00a0mit direkter Beteiligung durch\u00a0das Technische Design und dessen Mitarbeiter*innen:<\/p>\n<p>&nbsp;<\/p>\n<p><img loading=\"lazy\" class=\"alignnone size-full wp-image-8950\" src=\"http:\/\/technischesdesign.mw.tu-dresden.de\/blog\/wp-content\/uploads\/SoundScience-Credit_J\u00f6rg-Simanowski.jpg\" alt=\"\" width=\"3975\" height=\"3975\" srcset=\"https:\/\/technischesdesign.mw.tu-dresden.de\/blog\/wp-content\/uploads\/SoundScience-Credit_J\u00f6rg-Simanowski.jpg 3975w, https:\/\/technischesdesign.mw.tu-dresden.de\/blog\/wp-content\/uploads\/SoundScience-Credit_J\u00f6rg-Simanowski-250x250.jpg 250w, https:\/\/technischesdesign.mw.tu-dresden.de\/blog\/wp-content\/uploads\/SoundScience-Credit_J\u00f6rg-Simanowski-768x768.jpg 768w, https:\/\/technischesdesign.mw.tu-dresden.de\/blog\/wp-content\/uploads\/SoundScience-Credit_J\u00f6rg-Simanowski-500x500.jpg 500w, https:\/\/technischesdesign.mw.tu-dresden.de\/blog\/wp-content\/uploads\/SoundScience-Credit_J\u00f6rg-Simanowski-300x300.jpg 300w, https:\/\/technischesdesign.mw.tu-dresden.de\/blog\/wp-content\/uploads\/SoundScience-Credit_J\u00f6rg-Simanowski-750x750.jpg 750w\" sizes=\"(max-width: 3975px) 100vw, 3975px\" \/><br \/>\n<a href=\"https:\/\/ars.electronica.art\/newdigitaldeal\/en\/digital-pianists-democratizing\/\"><strong>SOUND &amp; SCIENCE: FROM DIGITAL PIANISTS TO DEMOCRATIZING SKILLS<\/strong><\/a><br \/>\nDas Internet der n\u00e4chsten Generation wird neue Formen der digitalisierten Kommunikation zwischen Menschen und Maschinen erm\u00f6glichen. Dies k\u00f6nnte die Art und Weise ver\u00e4ndern, wie wir neue F\u00e4higkeiten in der Zukunft lehren und lernen werden.\u00a0Die\u00a0Frage erforscht ein transdisziplin\u00e4res Team am\u00a0Centre\u00a0for\u00a0Tactile\u00a0Internet\u00a0with\u00a0Human-in-the-Loop (CeTI). Am Beispiel des Klavierspiels\u00a0werden\u00a0eine Demo und\u00a0im\u00a0anschlie\u00dfenden Podiumsgespr\u00e4ch\u00a0Erkenntnisse aus der laufenden Forschung pr\u00e4sentiert und diskutiert.<\/p>\n<p><strong>Vortragssprache<\/strong>:\u00a0Englisch\u00a0| 9. September 2021, 14:00-15:00<br \/>\n<strong>Referenten<\/strong>: Prof.\u202fDr.-Ing. Dr. h.c.\u202fFrank\u00a0H. P.\u00a0Fitzek\u00a0(GER),\u202fDr.\u202fLuca\u202fOppici\u202f(ITA),\u202fProf.\u00a0Ph.D\u00a0Shu-Chen\u202fLi (GER\/TW), Dipl.-Ing.\u00a0Lisa-Marie L\u00fcneburg (GER)<\/p>\n<p><a href=\"https:\/\/teams.microsoft.com\/l\/meetup-join\/19%3ameeting_NTA2NTkwNjYtOGU0MS00NTk5LTlkOWMtOTMwODlkNzA4YTE1%40thread.v2\/0?context=%7b%22Tid%22%3a%2214d12602-960b-420f-ade2-c45823e596fd%22%2c%22Oid%22%3a%22fe557569-4617-4688-811a-1984847fa640%22%7d\"><strong>Direktlink zur Eventteilnahme<\/strong><\/a> (kein Ticketkauf n\u00f6tig)<\/p>\n<p>&nbsp;<\/p>\n<p><img loading=\"lazy\" class=\"size-full wp-image-8951\" src=\"http:\/\/technischesdesign.mw.tu-dresden.de\/blog\/wp-content\/uploads\/MicrosoftTeams-image-22.jpg\" alt=\"\" width=\"3000\" height=\"2000\" srcset=\"https:\/\/technischesdesign.mw.tu-dresden.de\/blog\/wp-content\/uploads\/MicrosoftTeams-image-22.jpg 3000w, https:\/\/technischesdesign.mw.tu-dresden.de\/blog\/wp-content\/uploads\/MicrosoftTeams-image-22-150x100.jpg 150w, https:\/\/technischesdesign.mw.tu-dresden.de\/blog\/wp-content\/uploads\/MicrosoftTeams-image-22-250x167.jpg 250w, https:\/\/technischesdesign.mw.tu-dresden.de\/blog\/wp-content\/uploads\/MicrosoftTeams-image-22-768x512.jpg 768w, https:\/\/technischesdesign.mw.tu-dresden.de\/blog\/wp-content\/uploads\/MicrosoftTeams-image-22-500x333.jpg 500w, https:\/\/technischesdesign.mw.tu-dresden.de\/blog\/wp-content\/uploads\/MicrosoftTeams-image-22-300x200.jpg 300w, https:\/\/technischesdesign.mw.tu-dresden.de\/blog\/wp-content\/uploads\/MicrosoftTeams-image-22-750x500.jpg 750w\" sizes=\"(max-width: 3000px) 100vw, 3000px\" \/><\/p>\n<p><a href=\"https:\/\/ars.electronica.art\/newdigitaldeal\/de\/human-machine-interaction\/\"><strong>MULTIMODAL PERCEPTION IN HUMAN-MACHINE INTERACTION: EXPLORING THE MEANING OF DIFFERENT SENSORY CHANNELS IN FUTURE APPLICATIONS<\/strong><\/a><br \/>\nF\u00fcr k\u00fcnftige Mensch-Maschine-Interaktion unter Nutzung von VR-Anwendungen und 6-G-Kommunikationsnetzen, k\u00f6nnte es von entscheidender Bedeutung sein, die Umgebung nicht nur sehen und h\u00f6ren, sondern auch ber\u00fchren, riechen und schmecken zu k\u00f6nnen. Der Workshop zielt darauf ab, ein breiteres Verst\u00e4ndnis f\u00fcr die Prinzipien und Anforderungen von solchen multisensorischen Erfahrungen zu entwickeln.\u00a0Nach Impuls-Vortr\u00e4gen zu 6G-Technologie und zu\u00a0erweiterten multisensorischen Wahrnehmungen werden neuartige multisensorische Technologien und zuk\u00fcnftige Anwendungen\u00a0anhand\u00a0praktischer Experimente diskutiert.<\/p>\n<p><strong>Vortragssprache<\/strong>: Englisch\u00a0| 9.\u00a0September 2021, 15:00-16:30<br \/>\n<strong>Referenten<\/strong>: Prof.\u00a0Dr.-Ing. Dr. h.c.\u202fFrank\u00a0H. P.\u00a0Fitzek\u00a0(GER),\u202fDr.\u00a0rer. Nat.\u202f Annika Dix (GER),\u202fDipl.-Ing. Emese Papp B.A. (HU)<\/p>\n<p><a href=\"https:\/\/teams.microsoft.com\/l\/meetup-join\/19%3ameeting_ODk4NTk5MmItYjg0MC00ODMwLTg5MGYtNDRmY2QzNmY5YjU1%40thread.v2\/0?context=%7b%22Tid%22%3a%2214d12602-960b-420f-ade2-c45823e596fd%22%2c%22Oid%22%3a%22546e12d8-81b5-483d-9062-bea992c35ed1%22%7d\"><strong>Direktlink zur Eventteilnahme<\/strong><\/a> (kein Ticketkauf n\u00f6tig)<\/p>\n<p>&nbsp;<\/p>\n<p><img loading=\"lazy\" class=\"alignnone size-full wp-image-8952\" src=\"http:\/\/technischesdesign.mw.tu-dresden.de\/blog\/wp-content\/uploads\/MicrosoftTeams-image-23.jpg\" alt=\"\" width=\"2023\" height=\"1349\" srcset=\"https:\/\/technischesdesign.mw.tu-dresden.de\/blog\/wp-content\/uploads\/MicrosoftTeams-image-23.jpg 2023w, https:\/\/technischesdesign.mw.tu-dresden.de\/blog\/wp-content\/uploads\/MicrosoftTeams-image-23-150x100.jpg 150w, https:\/\/technischesdesign.mw.tu-dresden.de\/blog\/wp-content\/uploads\/MicrosoftTeams-image-23-250x167.jpg 250w, https:\/\/technischesdesign.mw.tu-dresden.de\/blog\/wp-content\/uploads\/MicrosoftTeams-image-23-768x512.jpg 768w, https:\/\/technischesdesign.mw.tu-dresden.de\/blog\/wp-content\/uploads\/MicrosoftTeams-image-23-500x333.jpg 500w, https:\/\/technischesdesign.mw.tu-dresden.de\/blog\/wp-content\/uploads\/MicrosoftTeams-image-23-300x200.jpg 300w, https:\/\/technischesdesign.mw.tu-dresden.de\/blog\/wp-content\/uploads\/MicrosoftTeams-image-23-750x500.jpg 750w\" sizes=\"(max-width: 2023px) 100vw, 2023px\" \/><br \/>\n<a href=\"https:\/\/ars.electronica.art\/newdigitaldeal\/de\/limits-of-material\/\"><strong>LIMITS OF MATERIAL: SUSTAINABLE AND\/OR HIGH-TECH?<\/strong><\/a><br \/>\nDiese Veranstaltung erm\u00f6glicht einen Einblick in die\u00a0aktuellen Felder der Materialforschung. Die Suche nach leistungsf\u00e4higen und kosteng\u00fcnstigen Alternativen zu erd\u00f6lbasierten Rohstoffen, aber auch die energieeffiziente und verlustarme Wiederverwertung von knappen Materialien\u00a0sowie\u00a0die Digitalisierung von Materialien sind dabei von zentraler Bedeutung f\u00fcr eine nachhaltige Praxis in der Zukunft. In der abschlie\u00dfenden offenen Diskussion werden\u00a0unter anderem\u00a0Aspekte der Beziehung zwischen Menschen und Material \u00fcber die reine Funktionalit\u00e4t hinaus thematisiert.<\/p>\n<p><strong>Vortragssprache<\/strong>: Englisch\u00a0| 10. September 2021,\u00a013:00-14:00<br \/>\n<strong>Referenten<\/strong>: Lea Schmidt (CH), Jessica\u00a0Bulling\u00a0(GER), Bettina Weber (GER), Dr. Marc Mosch (GER)<\/p>\n<p><a href=\"https:\/\/teams.microsoft.com\/l\/meetup-join\/19%3ameeting_MTFiYjVkYjQtODY5NS00NGUwLTkwNGQtNmFlYTc0YzgzMDhj%40thread.v2\/0?context=%7b%22Tid%22%3a%2214d12602-960b-420f-ade2-c45823e596fd%22%2c%22Oid%22%3a%22fe557569-4617-4688-811a-1984847fa640%22%7d\"><strong>Direktlink zur Eventteilnahme<\/strong><\/a> (kein Ticketkauf n\u00f6tig)<\/p>\n<p>Du hast Interesse das Event digital oder vielleicht sogar live in Linz\u00a0zu verfolgen?\u00a0<a href=\"https:\/\/ars.electronica.art\/newdigitaldeal\/de\/tickets\/\"><strong>HIER\u00a0<\/strong><\/a>findest du die M\u00f6glichkeit Tickets zum ARS Electronica Festival\u00a0\u201cA New Digital Deal\u201d zu kaufen. Es lohnt sich \ud83d\ude09<\/p>\n","protected":false},"excerpt":{"rendered":"<p>Seit\u00a0inzwischen \u00fcber 40 Jahren findet j\u00e4hrlich\u00a0das ARS Electronica\u00a0Festival in Linz (\u00d6sterreich) statt.\u00a0Bereits ein Jahr nach der\u00a0Initiierung wurde\u00a01980 das Konzept des Festivals auf Technologie\u00a0\u201cmit dem Schwerpunkt Kunst und Gesellschaft konkretisiert, wobei eine differenzierte Auseinandersetzung mit der Zukunft stets\u00a0ein Anliegen war\u201d und ist.\u00a0\u00a0 Im vergangenen Jahr haben wir erstmal mit einem eigenen Angebot eines interaktiven digitalen\u00a0Workshops aktiv [&hellip;]<\/p>\n","protected":false},"author":1,"featured_media":8954,"comment_status":"closed","ping_status":"open","sticky":false,"template":"","format":"standard","meta":[],"categories":[81,3,5,6],"tags":[636,47,208,103],"_links":{"self":[{"href":"https:\/\/technischesdesign.mw.tu-dresden.de\/blog\/wp-json\/wp\/v2\/posts\/8948"}],"collection":[{"href":"https:\/\/technischesdesign.mw.tu-dresden.de\/blog\/wp-json\/wp\/v2\/posts"}],"about":[{"href":"https:\/\/technischesdesign.mw.tu-dresden.de\/blog\/wp-json\/wp\/v2\/types\/post"}],"author":[{"embeddable":true,"href":"https:\/\/technischesdesign.mw.tu-dresden.de\/blog\/wp-json\/wp\/v2\/users\/1"}],"replies":[{"embeddable":true,"href":"https:\/\/technischesdesign.mw.tu-dresden.de\/blog\/wp-json\/wp\/v2\/comments?post=8948"}],"version-history":[{"count":5,"href":"https:\/\/technischesdesign.mw.tu-dresden.de\/blog\/wp-json\/wp\/v2\/posts\/8948\/revisions"}],"predecessor-version":[{"id":8959,"href":"https:\/\/technischesdesign.mw.tu-dresden.de\/blog\/wp-json\/wp\/v2\/posts\/8948\/revisions\/8959"}],"wp:featuredmedia":[{"embeddable":true,"href":"https:\/\/technischesdesign.mw.tu-dresden.de\/blog\/wp-json\/wp\/v2\/media\/8954"}],"wp:attachment":[{"href":"https:\/\/technischesdesign.mw.tu-dresden.de\/blog\/wp-json\/wp\/v2\/media?parent=8948"}],"wp:term":[{"taxonomy":"category","embeddable":true,"href":"https:\/\/technischesdesign.mw.tu-dresden.de\/blog\/wp-json\/wp\/v2\/categories?post=8948"},{"taxonomy":"post_tag","embeddable":true,"href":"https:\/\/technischesdesign.mw.tu-dresden.de\/blog\/wp-json\/wp\/v2\/tags?post=8948"}],"curies":[{"name":"wp","href":"https:\/\/api.w.org\/{rel}","templated":true}]}}