{"id":8095,"date":"2018-07-31T13:37:11","date_gmt":"2018-07-31T12:37:11","guid":{"rendered":"http:\/\/technischesdesign.mw.tu-dresden.de\/blog\/?p=8095"},"modified":"2018-07-31T13:57:18","modified_gmt":"2018-07-31T12:57:18","slug":"absolventen-stellen-sich-vor-benno-reichard","status":"publish","type":"post","link":"https:\/\/technischesdesign.mw.tu-dresden.de\/blog\/absolventen-stellen-sich-vor-benno-reichard\/","title":{"rendered":"Absolventen stellen sich vor: Benno Reichard"},"content":{"rendered":"<p dir=\"ltr\" id=\"docs-internal-guid-bc5a61dd-27e6-4d0d-3ed3-95560ba4440b\">Was kommt eigentlich nach dem Studium? Was kann man mit einem Abschluss als Technischer Designer so machen? Um euch die vielf\u00e4ltigen M\u00f6glichkeiten eines Technischen Designers zu zeigen, werden wir hier in unregelm\u00e4\u00dfigen Abst\u00e4nden einige unserer Absolventen vorstellen. Den Start macht Benno Reichard, der vor einem Jahr den Sprung in die Selbstst\u00e4ndigkeit getan hat.<\/p>\n<p dir=\"ltr\">Benno \u2013 1980er Jahrgang \u2013 ist in Dresden aufgewachsen und hat hier auch studiert. Seit 2009 lebt er, mittlerweile mit seiner Familie mit zwei Kindern, in Z\u00fcrich.<\/p>\n<p dir=\"ltr\"><strong>Benno, womit besch\u00e4ftigst du dich gerade den gr\u00f6\u00dften Teil deiner Zeit?<\/strong><\/p>\n<p dir=\"ltr\">Mit dem Design und der Entwicklung textiler Anwendungen und dem weiteren Ausbau meiner Selbst\u00e4ndigkeit. Das bedeutet Akquise neuer Kunden und Ansto\u00dfen von Kollaborationen.<\/p>\n<p dir=\"ltr\"><img loading=\"lazy\" class=\"alignnone size-full wp-image-8188\" alt=\"reichard - mammut togir line - foto credits christian ammann_2\" src=\"http:\/\/technischesdesign.mw.tu-dresden.de\/blog\/wp-content\/uploads\/reichard-mammut-togir-line-foto-credits-christian-ammann_2.jpg\" width=\"1200\" height=\"1200\" srcset=\"https:\/\/technischesdesign.mw.tu-dresden.de\/blog\/wp-content\/uploads\/reichard-mammut-togir-line-foto-credits-christian-ammann_2.jpg 1200w, https:\/\/technischesdesign.mw.tu-dresden.de\/blog\/wp-content\/uploads\/reichard-mammut-togir-line-foto-credits-christian-ammann_2-250x250.jpg 250w, https:\/\/technischesdesign.mw.tu-dresden.de\/blog\/wp-content\/uploads\/reichard-mammut-togir-line-foto-credits-christian-ammann_2-500x500.jpg 500w, https:\/\/technischesdesign.mw.tu-dresden.de\/blog\/wp-content\/uploads\/reichard-mammut-togir-line-foto-credits-christian-ammann_2-300x300.jpg 300w, https:\/\/technischesdesign.mw.tu-dresden.de\/blog\/wp-content\/uploads\/reichard-mammut-togir-line-foto-credits-christian-ammann_2-750x750.jpg 750w\" sizes=\"(max-width: 1200px) 100vw, 1200px\" \/><\/p>\n<p dir=\"ltr\"><strong>Welches ist dein Lieblingsobjekt\/-gegenstand?<\/strong><\/p>\n<p dir=\"ltr\">Fahrr\u00e4der, Rucks\u00e4cke, Schuhe.<\/p>\n<p dir=\"ltr\"><strong>Welche Designer\/Stile haben dich bis jetzt am meisten gepr\u00e4gt und warum?<\/strong><\/p>\n<p dir=\"ltr\">Dieter Rams mit seinen zehn Thesen f\u00fcr gutes Design.<\/p>\n<p dir=\"ltr\"><strong>In welchem Zeitraum hast du dein Studium absolviert und welche Projekte und Praktika w\u00e4hrend dieser Zeit gemacht?<\/strong><\/p>\n<p dir=\"ltr\">Meine Studienzeit ging insgesamt von Herbst 2001 bis Sommer 2009. Mein erster Entwurf war ein dezenter Salbenspender (2003). Danach schloss sich zweites Semesterprojekt an \u2013 eine Interieur-Studie f\u00fcr ein Ultraleichtflugzeug (2004). Ich habe dann zwei Erasmussemester an der<a href=\"https:\/\/www.u-bordeaux.fr\/\"> Universit\u00e9 de Bordeaux<\/a> und der<a href=\"http:\/\/www.ebabx.fr\/fr\/\"> \u00c9cole des Beaux Arts de Bordeaux<\/a> (2004\/05) verbracht. \u00a0Anschlie\u00dfend war ich im Praktikum, sechs Monate bei<a href=\"https:\/\/heldundteam.de\/\"> Held + Team<\/a> in Hamburg und war dort vor allem mit Medizintechnik-Themen besch\u00e4ftigt (2006\/07). Daraus entstand auch meine interdisziplin\u00e4re Projektarbeit: ein innovativer Handgriff f\u00fcr eine laparoskopische Zange f\u00fcr Olympus (2007). In meinem Gro\u00dfen Beleg entwarf ich f\u00fcr<a href=\"https:\/\/www.daimler.com\/de\/\"> Daimler<\/a> Nutzfahrzeuge einen Tisch und eine Notebook-Halterung f\u00fcr ein LKW-Interieur (2008). Mein Diplomentwurf war eine Hose mit integriertem Sitzgurt f\u00fcr das Sportklettern f\u00fcr<a href=\"https:\/\/ch.mammut.com\/unternehmen\/verantwortung\/sozial\/\"> Mammut<\/a> (2009). Die dann auch 2012 auf den Markt kam.<\/p>\n<p dir=\"ltr\"><strong>Welche Stationen hast du nach deinem anschlie\u00dfenden bisherigen Berufsleben durchlaufen und welche Aufgabenfelder hast du dabei durchschritten?<\/strong><\/p>\n<p dir=\"ltr\">Im Anschluss an meine Diplomarbeit, die ich bei Mammut in Seon, Schweiz, absolvierte, wurde ich direkt von Mammut \u00fcbernommen. Dort arbeitete ich von 2009 bis 2016. Zu meinen Hauptaufgaben z\u00e4hlten das Design und die Entwicklung textiler Bergsportausr\u00fcstung. W\u00e4hrend dieser Zeit spezialisierte ich mich auf die Entwicklung textiler \u00a0Pers\u00f6nliche Schutzausr\u00fcstung (PSA). Durch meine Ausbildung konnte ich den gesamten Produktentwicklungsprozesses der PSA vom Konzept bis zur serienreifen Umsetzung durchf\u00fchren und betreuen.<\/p>\n<p dir=\"ltr\">Mir war dabei eine starke Einbeziehung der Endnutzer besonders wichtig. Au\u00dferdem war meine T\u00e4tigkeit durch eine enge Zusammenarbeit mit externen Produzenten gepr\u00e4gt. Das Testing, also Zug- und Fallpr\u00fcfungen etc. der Entwicklungen habe ich auch mitbegleitet und durchgef\u00fchrt. Das Erstellen von Fertigungszeichnungen geh\u00f6rte ebenso zu meinen Aufgabenfeldern wie die Zertifizierung der textilen PSA. Ich war auch damit betraut einen Qualit\u00e4tssicherungsprozess dazu zu definieren und in den jeweiligen Normungsgremien (CEN, UIAA) aktiv mitzuarbeiten.<\/p>\n<p dir=\"ltr\"><img loading=\"lazy\" class=\"alignnone size-full wp-image-8187\" alt=\"reichard - mammut rappel rope\" src=\"http:\/\/technischesdesign.mw.tu-dresden.de\/blog\/wp-content\/uploads\/reichard-mammut-rappel-rope.jpg\" width=\"1024\" height=\"680\" srcset=\"https:\/\/technischesdesign.mw.tu-dresden.de\/blog\/wp-content\/uploads\/reichard-mammut-rappel-rope.jpg 1024w, https:\/\/technischesdesign.mw.tu-dresden.de\/blog\/wp-content\/uploads\/reichard-mammut-rappel-rope-150x100.jpg 150w, https:\/\/technischesdesign.mw.tu-dresden.de\/blog\/wp-content\/uploads\/reichard-mammut-rappel-rope-250x166.jpg 250w, https:\/\/technischesdesign.mw.tu-dresden.de\/blog\/wp-content\/uploads\/reichard-mammut-rappel-rope-500x332.jpg 500w, https:\/\/technischesdesign.mw.tu-dresden.de\/blog\/wp-content\/uploads\/reichard-mammut-rappel-rope-300x199.jpg 300w, https:\/\/technischesdesign.mw.tu-dresden.de\/blog\/wp-content\/uploads\/reichard-mammut-rappel-rope-750x498.jpg 750w\" sizes=\"(max-width: 1024px) 100vw, 1024px\" \/><\/p>\n<p dir=\"ltr\">Bei Mammut durchlief ich in dieser Zeit drei Karrierestufen: zun\u00e4chst startete ich als Junior Designer und Entwickler. Dann wurde ich zum Designer und Entwickler und mir wurde zus\u00e4tzlich die F\u00fchrung einer Prototypen-Schneiderin \u00fcbertragen. Als Senior Designer und Entwickler kam dann die weitere Verantwortung als Leiter der Seilentwicklung und des Pr\u00fcflabors (Entwicklungs- und QS-Pr\u00fcfungen) hinzu.<\/p>\n<p dir=\"ltr\">Die zweite Station meiner Karriere ist meine Selbst\u00e4ndigkeit mit <a href=\"http:\/\/reichard-design.ch\/\">REICHARD design<\/a> (offiziell seit Mai 2017). Ich bin spezialisiert auf textile technische Anwendungen und biete ein Paket aus Design, Entwicklung, Engineering und Beratung als Dienstleistung an. Meine bisherigen Kunden sind Mammut Hardware, Mammut Innovation, sowie Stubai und SmartRidr. Au\u00dferdem arbeite ich gerade an eigenen textilen und nachhaltigen Produkten.<\/p>\n<p dir=\"ltr\"><strong>Hast du dir w\u00e4hrenddessen Auszeiten geg\u00f6nnt?<\/strong><\/p>\n<p dir=\"ltr\">Ja, ich habe ein Jahr Auszeit genommen von 2016 bis 2017: sechs Monate habe ich mit meiner Familie eine Europa-Rundreise in einem VW-Bus gemacht. Das war eine einmalige Erfahrung und f\u00fcr uns der ideale Zeitpunkt als Familie. Danach nahm ich mir etwas Zeit zur Orientierung und baute meine Selbst\u00e4ndigkeit innerhalb eines halben Jahres auf.<\/p>\n<p dir=\"ltr\"><strong>Wie kam es schlussendlich zu der Entscheidung f\u00fcr deine aktuelle Position?<\/strong><\/p>\n<p dir=\"ltr\">A. Mein Wunsch nach m\u00f6glichst selbstbestimmtem Arbeiten und gr\u00f6\u00dferer Vielfalt der Anwendungsfelder.<\/p>\n<p dir=\"ltr\">B. Durch die eigene \u00dcberzeugung, dass erstens die spezialisierte Erfahrung\/Fachkenntnis zu textilen technischen Anwendungen und zweitens auch die mittlerweile gefestigte strukturierte Arbeitsweise als Grundlage f\u00fcr eine Selbst\u00e4ndigkeit ausreichen.<\/p>\n<p dir=\"ltr\">C. Dank der vorherigen Auszeit war ausreichend Mut, Energie und Selbstbewusstsein dazu vorhanden, den Schritt in die Selbstst\u00e4ndigkeit zu wagen.<\/p>\n<p dir=\"ltr\"><img loading=\"lazy\" class=\"alignnone size-full wp-image-8183\" alt=\"reichard design\" src=\"http:\/\/technischesdesign.mw.tu-dresden.de\/blog\/wp-content\/uploads\/reichard-design.jpg\" width=\"1600\" height=\"1200\" srcset=\"https:\/\/technischesdesign.mw.tu-dresden.de\/blog\/wp-content\/uploads\/reichard-design.jpg 1600w, https:\/\/technischesdesign.mw.tu-dresden.de\/blog\/wp-content\/uploads\/reichard-design-250x187.jpg 250w, https:\/\/technischesdesign.mw.tu-dresden.de\/blog\/wp-content\/uploads\/reichard-design-500x375.jpg 500w, https:\/\/technischesdesign.mw.tu-dresden.de\/blog\/wp-content\/uploads\/reichard-design-300x225.jpg 300w, https:\/\/technischesdesign.mw.tu-dresden.de\/blog\/wp-content\/uploads\/reichard-design-750x562.jpg 750w\" sizes=\"(max-width: 1600px) 100vw, 1600px\" \/><\/p>\n<p dir=\"ltr\"><strong>Wie haben sich diese Arbeiten von denen aus dem Studium unterschieden?<\/strong><\/p>\n<p dir=\"ltr\">Meine Projekte laufen fast immer inklusive direkter Umsetzung mit den sp\u00e4teren Produzenten. Dadurch erhalte ich stets eine unmittelbare R\u00fcckmeldung \u00fcber die Herstellbarkeit und Optimierungsm\u00f6glichkeiten meiner Entwicklungen. Auch die starke Einbeziehung der Endnutzer durch Validierungsphasen in der Produktentwicklung konnte ich w\u00e4hrend meines Studiums noch nicht so stark realisieren. Meistens werden Entscheidungen bez\u00fcglich Gestaltung und Verarbeitung w\u00e4hrend des Prozesses viel schneller getroffen als ich es aus dem Studium gewohnt war. In der Selbst\u00e4ndigkeit kommt neben der Gesch\u00e4ftsf\u00fchrung auch viel zus\u00e4tzliche Kommunikation zu meiner eigentlichen T\u00e4tigkeit als Designer und Entwickler hinzu, sowohl \u00fcber den Begriff \u00bbDesign\u00ab und was dieser beinhaltet (neben der rein formalen Gestaltung) als auch die Vorgehensweise und notwendige Schritte im Designprozess.<\/p>\n<p dir=\"ltr\"><img loading=\"lazy\" class=\"alignnone size-full wp-image-8186\" alt=\"reichard - mammut multipitch chalk bag\" src=\"http:\/\/technischesdesign.mw.tu-dresden.de\/blog\/wp-content\/uploads\/reichard-mammut-multipitch-chalk-bag.jpg\" width=\"700\" height=\"700\" srcset=\"https:\/\/technischesdesign.mw.tu-dresden.de\/blog\/wp-content\/uploads\/reichard-mammut-multipitch-chalk-bag.jpg 700w, https:\/\/technischesdesign.mw.tu-dresden.de\/blog\/wp-content\/uploads\/reichard-mammut-multipitch-chalk-bag-250x250.jpg 250w, https:\/\/technischesdesign.mw.tu-dresden.de\/blog\/wp-content\/uploads\/reichard-mammut-multipitch-chalk-bag-500x500.jpg 500w, https:\/\/technischesdesign.mw.tu-dresden.de\/blog\/wp-content\/uploads\/reichard-mammut-multipitch-chalk-bag-300x300.jpg 300w\" sizes=\"(max-width: 700px) 100vw, 700px\" \/><\/p>\n<p dir=\"ltr\"><strong>R\u00fcckblickend auf dein Studium, welche Module, Kurse, Projekte haben dich am besten auf das Arbeitsleben vorbereitet oder dir geholfen dich weiterzuentwickeln?<\/strong><\/p>\n<p dir=\"ltr\">Alle Entwurfsprojekte zum Erlernen einer Entwurfsmethodik und zur Entwicklung von einem n\u00f6tigen Mut zur Ganzheitlichkeit trotz vieler unbekannter Parameter haben mir dabei sehr geholfen.<\/p>\n<p dir=\"ltr\">Auch auf einen gro\u00dfen Teil der technischen Grundlagen der Ingenieurwissenschaften (Grundstudium) greife ich bis heute zur\u00fcck. Beispielsweise beim Erstellen von technischen Zeichnungen als Basis f\u00fcr Spezifikationen und f\u00fcr Pl\u00e4ne, nach denen sp\u00e4ter ein Produzent m\u00f6glichst sicher und interpretationsfrei die eigenen Vorgaben und W\u00fcnsche umsetzen kann.<\/p>\n<p dir=\"ltr\"><strong>Welchen Tipp w\u00fcrdest du heute deinem j\u00fcngeren Ich mit auf den Weg geben?<\/strong><\/p>\n<p dir=\"ltr\">So viele Kurzzeitprojekte wie m\u00f6glich machen! Und so viel wie m\u00f6glich ausprobieren und experimentieren mit den verschiedensten Materialien.<\/p>\n<p dir=\"ltr\"><strong>Benno, vielen Dank f\u00fcr die Beantwortung unserer Fragen und den ausf\u00fchrlichen Einblick in deinen spannenden Werdegang!<\/strong><\/p>\n","protected":false},"excerpt":{"rendered":"<p>Was kommt eigentlich nach dem Studium? Was kann man mit einem Abschluss als Technischer Designer so machen? Um euch die vielf\u00e4ltigen M\u00f6glichkeiten eines Technischen Designers zu zeigen, werden wir hier in unregelm\u00e4\u00dfigen Abst\u00e4nden einige unserer Absolventen vorstellen. Den Start macht Benno Reichard, der vor einem Jahr den Sprung in die Selbstst\u00e4ndigkeit getan hat. Benno \u2013 [&hellip;]<\/p>\n","protected":false},"author":25,"featured_media":8184,"comment_status":"closed","ping_status":"open","sticky":false,"template":"","format":"standard","meta":[],"categories":[81,4,6],"tags":[205,49,107,54,204,160],"_links":{"self":[{"href":"https:\/\/technischesdesign.mw.tu-dresden.de\/blog\/wp-json\/wp\/v2\/posts\/8095"}],"collection":[{"href":"https:\/\/technischesdesign.mw.tu-dresden.de\/blog\/wp-json\/wp\/v2\/posts"}],"about":[{"href":"https:\/\/technischesdesign.mw.tu-dresden.de\/blog\/wp-json\/wp\/v2\/types\/post"}],"author":[{"embeddable":true,"href":"https:\/\/technischesdesign.mw.tu-dresden.de\/blog\/wp-json\/wp\/v2\/users\/25"}],"replies":[{"embeddable":true,"href":"https:\/\/technischesdesign.mw.tu-dresden.de\/blog\/wp-json\/wp\/v2\/comments?post=8095"}],"version-history":[{"count":15,"href":"https:\/\/technischesdesign.mw.tu-dresden.de\/blog\/wp-json\/wp\/v2\/posts\/8095\/revisions"}],"predecessor-version":[{"id":8192,"href":"https:\/\/technischesdesign.mw.tu-dresden.de\/blog\/wp-json\/wp\/v2\/posts\/8095\/revisions\/8192"}],"wp:featuredmedia":[{"embeddable":true,"href":"https:\/\/technischesdesign.mw.tu-dresden.de\/blog\/wp-json\/wp\/v2\/media\/8184"}],"wp:attachment":[{"href":"https:\/\/technischesdesign.mw.tu-dresden.de\/blog\/wp-json\/wp\/v2\/media?parent=8095"}],"wp:term":[{"taxonomy":"category","embeddable":true,"href":"https:\/\/technischesdesign.mw.tu-dresden.de\/blog\/wp-json\/wp\/v2\/categories?post=8095"},{"taxonomy":"post_tag","embeddable":true,"href":"https:\/\/technischesdesign.mw.tu-dresden.de\/blog\/wp-json\/wp\/v2\/tags?post=8095"}],"curies":[{"name":"wp","href":"https:\/\/api.w.org\/{rel}","templated":true}]}}