{"id":7904,"date":"2017-11-20T16:47:08","date_gmt":"2017-11-20T15:47:08","guid":{"rendered":"http:\/\/technischesdesign.mw.tu-dresden.de\/blog\/?p=7904"},"modified":"2017-11-20T16:47:08","modified_gmt":"2017-11-20T15:47:08","slug":"nachfolger-smart-cab-die-professionelle-bedienumgebung-der-zukunft-auf-der-agritechnica","status":"publish","type":"post","link":"https:\/\/technischesdesign.mw.tu-dresden.de\/blog\/nachfolger-smart-cab-die-professionelle-bedienumgebung-der-zukunft-auf-der-agritechnica\/","title":{"rendered":"Nachfolger \u201cSmart Cab\u201d \u2013 Die professionelle Bedienumgebung der Zukunft auf der Agritechnica"},"content":{"rendered":"<p>Endlich war es soweit! Einmal mehr war das Technische Design auf der Agritechnica, der weltgr\u00f6\u00dften Branchenmesse f\u00fcr Agrikultur in Hannover, vertreten. Dieses Jahr konnten wir bereits das zweite Kabinenkkonzept aus dem Entwicklungszusammenschluss des Cab Concept Clusters, die \u201eSmart Cab\u201c, vorstellen. (Zum Vorg\u00e4nger, der Genius Cab, findet ihr <a href=\"http:\/\/technischesdesign.mw.tu-dresden.de\/blog\/focus-open-design-award-fuer\/\">hier <\/a>und <a href=\"http:\/\/technischesdesign.mw.tu-dresden.de\/blog\/if-award-fuer-unsere-genius-cab\/\">hier <\/a>weitere Informationen.)<\/p>\n<p><a href=\"http:\/\/technischesdesign.mw.tu-dresden.de\/blog\/wp-content\/uploads\/FullSizeRender2.jpg\"><img loading=\"lazy\" class=\"alignnone size-full wp-image-7908\" alt=\"FullSizeRender(2)\" src=\"http:\/\/technischesdesign.mw.tu-dresden.de\/blog\/wp-content\/uploads\/FullSizeRender2.jpg\" width=\"450\" height=\"406\" srcset=\"https:\/\/technischesdesign.mw.tu-dresden.de\/blog\/wp-content\/uploads\/FullSizeRender2.jpg 450w, https:\/\/technischesdesign.mw.tu-dresden.de\/blog\/wp-content\/uploads\/FullSizeRender2-250x225.jpg 250w, https:\/\/technischesdesign.mw.tu-dresden.de\/blog\/wp-content\/uploads\/FullSizeRender2-300x270.jpg 300w\" sizes=\"(max-width: 450px) 100vw, 450px\" \/><\/a>\u00a0<em>By Martin Rickatson<\/em><\/p>\n<p>Die <b>Smart CAB<\/b> f\u00fchrt die Idee der integrativen Kabine noch einmal weiter. Die Genius Cab hat 2016 bereits gezeigt, dass hervorragende L\u00f6sungen im Bereich professioneller Anwendungen ganzheitlich gedacht werden m\u00fcssen. Dabei ist die Konzeptkabine auf der Agritechnica keine blo\u00dfe Adaption der Genius Cab, sondern stellt der komponenten\u00fcbergreifenden Betrachtung noch die Einbindung in den Gesamtprozess zur Seite. Die bereits erprobten Ans\u00e4tze der Genius Cab sind im agrartechnischen Bereich ebenso relevant, jedoch unterscheiden sich die Anforderungen u. a. durch einen komplexen Verarbeitungsprozess bereits innerhalb des M\u00e4hdreschers. Im Vergleich zur Bauwirtschaft sind assistierte Systeme und die Digitalisierung der gesamten Prozesskette im Agrarbereich bereits wesentlich breiter implementiert. Das Verh\u00e4ltnis zwischen Bedien- und \u00dcberwachungsaufgaben verlagert sich daher noch viel st\u00e4rker in Richtung Prozessmanagement. Die Kabine der Zukunft wird einen Arbeitsplatz bereitstellen m\u00fcssen, der die Arbeit mit vernetzten Maschinen und Standorten und die App-basierten Planungsanwendungen unterst\u00fctzt. Die evolution\u00e4re Entwicklung dieser Arbeitsumgebungen, im Kontext langer Entwicklungs- und Einsatzzeiten der Maschinen, bedarf einer zielgerichteten Strategie um effizient in m\u00f6glichst gro\u00dfen Schritten die Transformation vom Maschinenbedienstand zum digitalen und mobilen Arbeitsumgebung der Zukunft zu bew\u00e4ltigen.<\/p>\n<p><img loading=\"lazy\" class=\"alignnone size-full wp-image-7905\" style=\"color: #333333; font-size: 12px;\" alt=\"171020_Smart_CAB_Lumod_004\" src=\"http:\/\/technischesdesign.mw.tu-dresden.de\/blog\/wp-content\/uploads\/171020_Smart_CAB_Lumod_004.jpg\" width=\"4000\" height=\"2492\" srcset=\"https:\/\/technischesdesign.mw.tu-dresden.de\/blog\/wp-content\/uploads\/171020_Smart_CAB_Lumod_004.jpg 4000w, https:\/\/technischesdesign.mw.tu-dresden.de\/blog\/wp-content\/uploads\/171020_Smart_CAB_Lumod_004-250x155.jpg 250w, https:\/\/technischesdesign.mw.tu-dresden.de\/blog\/wp-content\/uploads\/171020_Smart_CAB_Lumod_004-500x311.jpg 500w, https:\/\/technischesdesign.mw.tu-dresden.de\/blog\/wp-content\/uploads\/171020_Smart_CAB_Lumod_004-300x186.jpg 300w, https:\/\/technischesdesign.mw.tu-dresden.de\/blog\/wp-content\/uploads\/171020_Smart_CAB_Lumod_004-750x467.jpg 750w\" sizes=\"(max-width: 4000px) 100vw, 4000px\" \/><\/p>\n<p>Wie genau wurden diese Anforderungen umgesetzt? Unter Einbeziehung verschiedener Technologien werden anwendungs- und nutzerorientierte Gesamtl\u00f6sungen formuliert, die Maschinenbedienern die notwendigen Information zur richtigen Zeit, am richtigen Ort bereitstellen. Zur Visualisierung nutzt die Smart Cab ein Displaycluster, Projektionen und digitale Spiegelsysteme. Durch die gezielte Lokalisierung von Informations- und Funktionsgruppen erg\u00e4nzen sich alle Displays und Bedienelemente in der Kabine zu einem perfekt abgestimmten Gesamtsystem. Vervollst\u00e4ndigt wird das Informationscluster durch ein neues Statuspanel und transparente Displays f\u00fcr eine erfolgreiche Einbindung des Bedieners in die neuen Assistenz- und Automatikfunktionen, die die Branche schon jetzt immer st\u00e4rker pr\u00e4gen. Radarsensoren und intelligente Kamerasysteme mit Bilderkennungsfunktionen sorgen f\u00fcr eine durchg\u00e4ngige Wahrnehmung und Einsch\u00e4tzung der Umgebung. Dabei ist nicht jede Information gleich oder sofort wichtig. Das in der Kabine verankerte Konzept adaptiver und multimodaler Kommunikation hilft komplexe Informationsstrukturen zu reduzieren und den Bediener vor \u00dcberforderung zu sch\u00fctzen. Durch die \u201eStatus Light\u201c-Funktion der Kabine lassen sich Informationen, wie der Status von autonomen Funktionen oder der Umgebungserkennung, peripher aber wirksam signalisieren und so eine Ablenkung von der Steueraufgabe im Normalbetrieb zu minimieren. Eine aufgaben-unterst\u00fctzende Darstellung von Hinweisen und die simultane Kommunikation mit anderen, in den Ernteprozess involvierten Bedienern, werden mit der Laserprojektion in die Umgebung m\u00f6glich. Erg\u00e4nzt um die adaptiven Matrix-Scheinwerfer, mit der gezielt die Ausleuchtung der Umgebung gesteuert und auf wechselnde Anforderungen reagiert werden kann, tr\u00e4gt die Kabine dem Anspruch einer erh\u00f6hten Sicherheit Rechnung. Dazu z\u00e4hlt auch das Driver-Monitoring, das erkennt, ob der Bediener Gefahren oder Hinweise bereits bemerkt hat. Moderne elektronische Sitzsteuerungen und Klimafunktionen runden die Smart Cab als Arbeitsplatz der Zukunft ab. Die Anbindung der Kabine an App-Stores und Mobile Devices zeigt im Bereich Connectivity den ersten logischen Schritt hin zu einer aktiv vernetzten Kabine.<\/p>\n<p>Unsere Aufgaben im Cab Concept Cluster lagen in der Erstellung des Gesamtkonzepts, der Erarbeitung von Bedienl\u00f6sungen, sowie der Gestaltung und Ausarbeitung des Interiors.<\/p>\n<p>Das sagt die Presse \u00fcber die Smart CAB:<br \/>\n<a href=\"http:\/\/www.ivtinternational.com\/news.php?NewsID=88298\">http:\/\/www.ivtinternational.com\/news.php?NewsID=88298<\/a><\/p>\n<p>&nbsp;<\/p>\n<p>&nbsp;<\/p>\n<p>&nbsp;<\/p>\n<p><a href=\"http:\/\/technischesdesign.mw.tu-dresden.de\/blog\/wp-content\/uploads\/Freigabe_CCC_Broschu\u0308re_TU5.jpg\"><img loading=\"lazy\" class=\"alignnone size-full wp-image-7910\" alt=\"Freigabe_CCC_Broschu\u0308re_TU5\" src=\"http:\/\/technischesdesign.mw.tu-dresden.de\/blog\/wp-content\/uploads\/Freigabe_CCC_Broschu\u0308re_TU5.jpg\" width=\"1657\" height=\"1153\" srcset=\"https:\/\/technischesdesign.mw.tu-dresden.de\/blog\/wp-content\/uploads\/Freigabe_CCC_Broschu\u0308re_TU5.jpg 1657w, https:\/\/technischesdesign.mw.tu-dresden.de\/blog\/wp-content\/uploads\/Freigabe_CCC_Broschu\u0308re_TU5-250x173.jpg 250w, https:\/\/technischesdesign.mw.tu-dresden.de\/blog\/wp-content\/uploads\/Freigabe_CCC_Broschu\u0308re_TU5-500x347.jpg 500w, https:\/\/technischesdesign.mw.tu-dresden.de\/blog\/wp-content\/uploads\/Freigabe_CCC_Broschu\u0308re_TU5-300x208.jpg 300w, https:\/\/technischesdesign.mw.tu-dresden.de\/blog\/wp-content\/uploads\/Freigabe_CCC_Broschu\u0308re_TU5-750x521.jpg 750w\" sizes=\"(max-width: 1657px) 100vw, 1657px\" \/><\/a><\/p>\n","protected":false},"excerpt":{"rendered":"<p>Endlich war es soweit! Einmal mehr war das Technische Design auf der Agritechnica, der weltgr\u00f6\u00dften Branchenmesse f\u00fcr Agrikultur in Hannover, vertreten. Dieses Jahr konnten wir bereits das zweite Kabinenkkonzept aus dem Entwicklungszusammenschluss des Cab Concept Clusters, die \u201eSmart Cab\u201c, vorstellen. (Zum Vorg\u00e4nger, der Genius Cab, findet ihr hier und hier weitere Informationen.) \u00a0By Martin Rickatson [&hellip;]<\/p>\n","protected":false},"author":1,"featured_media":7906,"comment_status":"closed","ping_status":"open","sticky":false,"template":"","format":"standard","meta":[],"categories":[5,6],"tags":[554,546,149,553],"_links":{"self":[{"href":"https:\/\/technischesdesign.mw.tu-dresden.de\/blog\/wp-json\/wp\/v2\/posts\/7904"}],"collection":[{"href":"https:\/\/technischesdesign.mw.tu-dresden.de\/blog\/wp-json\/wp\/v2\/posts"}],"about":[{"href":"https:\/\/technischesdesign.mw.tu-dresden.de\/blog\/wp-json\/wp\/v2\/types\/post"}],"author":[{"embeddable":true,"href":"https:\/\/technischesdesign.mw.tu-dresden.de\/blog\/wp-json\/wp\/v2\/users\/1"}],"replies":[{"embeddable":true,"href":"https:\/\/technischesdesign.mw.tu-dresden.de\/blog\/wp-json\/wp\/v2\/comments?post=7904"}],"version-history":[{"count":2,"href":"https:\/\/technischesdesign.mw.tu-dresden.de\/blog\/wp-json\/wp\/v2\/posts\/7904\/revisions"}],"predecessor-version":[{"id":7912,"href":"https:\/\/technischesdesign.mw.tu-dresden.de\/blog\/wp-json\/wp\/v2\/posts\/7904\/revisions\/7912"}],"wp:featuredmedia":[{"embeddable":true,"href":"https:\/\/technischesdesign.mw.tu-dresden.de\/blog\/wp-json\/wp\/v2\/media\/7906"}],"wp:attachment":[{"href":"https:\/\/technischesdesign.mw.tu-dresden.de\/blog\/wp-json\/wp\/v2\/media?parent=7904"}],"wp:term":[{"taxonomy":"category","embeddable":true,"href":"https:\/\/technischesdesign.mw.tu-dresden.de\/blog\/wp-json\/wp\/v2\/categories?post=7904"},{"taxonomy":"post_tag","embeddable":true,"href":"https:\/\/technischesdesign.mw.tu-dresden.de\/blog\/wp-json\/wp\/v2\/tags?post=7904"}],"curies":[{"name":"wp","href":"https:\/\/api.w.org\/{rel}","templated":true}]}}