{"id":7120,"date":"2016-11-30T09:38:16","date_gmt":"2016-11-30T08:38:16","guid":{"rendered":"http:\/\/technischesdesign.mw.tu-dresden.de\/blog\/?p=7120"},"modified":"2016-11-30T09:38:16","modified_gmt":"2016-11-30T08:38:16","slug":"august-laedt-ein-zwei-vortragsempfehlungen-fuer-diese-woche","status":"publish","type":"post","link":"https:\/\/technischesdesign.mw.tu-dresden.de\/blog\/august-laedt-ein-zwei-vortragsempfehlungen-fuer-diese-woche\/","title":{"rendered":"August l\u00e4dt ein: zwei Vortragsempfehlungen f\u00fcr diese Woche"},"content":{"rendered":"<p>Diese Woche l\u00e4dt unser studentisches Designb\u00fcro\u00a0<a href=\"http:\/\/augustdesign.de\/\">August\u00a0<\/a>gleich zu zwei Vortr\u00e4gen ein.\u00a0Am Mittwoch, dem 30.11.16 um 17 Uhr wird Sven Grasselt-Gille, Absolvent des Technischen Designs, jetzt Wissenschaftlicher Mitarbeiter am Institut f\u00fcr Naturstofftechnik, einen Vortrag zum Thema Biowerkstoffe geben. Was ist der Stand der Technik? Was sind Vor- und Nachteile von aktuellen Trends? Wir freuen uns auf das Spannungsfeld zwischen Holz und Kunststoff. Bis morgen im Zeunerbau Raum 150! Das\u00a0<a href=\"https:\/\/www.facebook.com\/events\/351536495199215\/\">Facebookevent\u00a0<\/a>findet ihr hier.<\/p>\n<p>Am Freitag drauf, also am 2.12.16, wird Matthias Willner, Head of Global Design bei Dr\u00e4ger aus seinem Alltag im Konzern berichten. Der Schwerpunkt wird dabei auf der Thematik Designmanagement auf Konzernebene liegen. Wie verbreitet man ein einheitliches Designverst\u00e4ndnis innerhalb eines Konzerns und wie steuert man mehrere externe Designagenturen? Dieser Vortrag wird dieses Mal im Zeunerbau 329 stattfinden und er beginnt um 12 Uhr. Hier findet ihr den Link zum\u00a0<a href=\"https:\/\/www.facebook.com\/events\/1811144225791147\/\">Facebookevent<\/a>.<\/p>\n","protected":false},"excerpt":{"rendered":"<p>Diese Woche l\u00e4dt unser studentisches Designb\u00fcro\u00a0August\u00a0gleich zu zwei Vortr\u00e4gen ein.\u00a0Am Mittwoch, dem 30.11.16 um 17 Uhr wird Sven Grasselt-Gille, Absolvent des Technischen Designs, jetzt Wissenschaftlicher Mitarbeiter am Institut f\u00fcr Naturstofftechnik, einen Vortrag zum Thema Biowerkstoffe geben. Was ist der Stand der Technik? Was sind Vor- und Nachteile von aktuellen Trends? Wir freuen uns auf das [&hellip;]<\/p>\n","protected":false},"author":1,"featured_media":7116,"comment_status":"closed","ping_status":"open","sticky":false,"template":"","format":"standard","meta":[],"categories":[4],"tags":[468,439,174],"_links":{"self":[{"href":"https:\/\/technischesdesign.mw.tu-dresden.de\/blog\/wp-json\/wp\/v2\/posts\/7120"}],"collection":[{"href":"https:\/\/technischesdesign.mw.tu-dresden.de\/blog\/wp-json\/wp\/v2\/posts"}],"about":[{"href":"https:\/\/technischesdesign.mw.tu-dresden.de\/blog\/wp-json\/wp\/v2\/types\/post"}],"author":[{"embeddable":true,"href":"https:\/\/technischesdesign.mw.tu-dresden.de\/blog\/wp-json\/wp\/v2\/users\/1"}],"replies":[{"embeddable":true,"href":"https:\/\/technischesdesign.mw.tu-dresden.de\/blog\/wp-json\/wp\/v2\/comments?post=7120"}],"version-history":[{"count":5,"href":"https:\/\/technischesdesign.mw.tu-dresden.de\/blog\/wp-json\/wp\/v2\/posts\/7120\/revisions"}],"predecessor-version":[{"id":7126,"href":"https:\/\/technischesdesign.mw.tu-dresden.de\/blog\/wp-json\/wp\/v2\/posts\/7120\/revisions\/7126"}],"wp:featuredmedia":[{"embeddable":true,"href":"https:\/\/technischesdesign.mw.tu-dresden.de\/blog\/wp-json\/wp\/v2\/media\/7116"}],"wp:attachment":[{"href":"https:\/\/technischesdesign.mw.tu-dresden.de\/blog\/wp-json\/wp\/v2\/media?parent=7120"}],"wp:term":[{"taxonomy":"category","embeddable":true,"href":"https:\/\/technischesdesign.mw.tu-dresden.de\/blog\/wp-json\/wp\/v2\/categories?post=7120"},{"taxonomy":"post_tag","embeddable":true,"href":"https:\/\/technischesdesign.mw.tu-dresden.de\/blog\/wp-json\/wp\/v2\/tags?post=7120"}],"curies":[{"name":"wp","href":"https:\/\/api.w.org\/{rel}","templated":true}]}}