{"id":6337,"date":"2015-07-13T09:41:24","date_gmt":"2015-07-13T08:41:24","guid":{"rendered":"http:\/\/technischesdesign.mw.tu-dresden.de\/blog\/?p=6337"},"modified":"2015-07-14T22:00:04","modified_gmt":"2015-07-14T21:00:04","slug":"led-leuchter-praesentiert-in-den-technischen-sammlungen","status":"publish","type":"post","link":"https:\/\/technischesdesign.mw.tu-dresden.de\/blog\/led-leuchter-praesentiert-in-den-technischen-sammlungen\/","title":{"rendered":"LED Leuchter pr\u00e4sentiert in den Technischen Sammlungen"},"content":{"rendered":"<p><a href=\"http:\/\/technischesdesign.mw.tu-dresden.de\/blog\/wp-content\/uploads\/Design-LED-Leuchter-Technische-Sammlungen_1000.jpg\"><img loading=\"lazy\" class=\"aligncenter size-full wp-image-6343\" alt=\"Design LED Leuchter Technische Sammlungen_1000\" src=\"http:\/\/technischesdesign.mw.tu-dresden.de\/blog\/wp-content\/uploads\/Design-LED-Leuchter-Technische-Sammlungen_1000.jpg\" width=\"1000\" height=\"567\" srcset=\"https:\/\/technischesdesign.mw.tu-dresden.de\/blog\/wp-content\/uploads\/Design-LED-Leuchter-Technische-Sammlungen_1000.jpg 1000w, https:\/\/technischesdesign.mw.tu-dresden.de\/blog\/wp-content\/uploads\/Design-LED-Leuchter-Technische-Sammlungen_1000-250x141.jpg 250w, https:\/\/technischesdesign.mw.tu-dresden.de\/blog\/wp-content\/uploads\/Design-LED-Leuchter-Technische-Sammlungen_1000-500x283.jpg 500w\" sizes=\"(max-width: 1000px) 100vw, 1000px\" \/><\/a><\/p>\n<p>Der aus einem gemeinsamen Forschungsprojekt mit der <a href=\"http:\/\/lmw-wurzen.de\/\" target=\"_blank\">Leuchten Manufactur Wurzen<\/a>, dem <a href=\"http:\/\/www.ifte.de\/index.htm\" target=\"_blank\">Institut f\u00fcr Feinwerktechnik und Elektronik-Design<\/a> und dem <a href=\"http:\/\/tu-dresden.de\/die_tu_dresden\/fakultaeten\/fakultaet_maschinenwesen\/imm\/ktc\/td\" target=\"_blank\">Technischen Design<\/a> hervorgegangene LED Leuchter ist derzeit in den Technischen Sammlungen zu bewundern. Im Rahmen des Dresdner Lichtjahres widmet sich die Sonderausstellung \u00bb<a href=\"http:\/\/www.tsd.de\/de\/mm\/ausstellungen\/sonderausstellungen\/reader\/title\/Hi-Lights-Neues-vom-Licht\" target=\"_blank\">Hi Lights! Neues vom Licht<\/a>\u00ab noch bis Juni 2016 dem faszinierenden Ph\u00e4nomen Licht und seiner Bedeutung f\u00fcr Wissenschaft, Technik und Kultur. Viel Spa\u00df beim Erkunden und Erleben!<\/p>\n","protected":false},"excerpt":{"rendered":"<p>Der aus einem gemeinsamen Forschungsprojekt mit der Leuchten Manufactur Wurzen, dem Institut f\u00fcr Feinwerktechnik und Elektronik-Design und dem Technischen Design hervorgegangene LED Leuchter ist derzeit in den Technischen Sammlungen zu bewundern. Im Rahmen des Dresdner Lichtjahres widmet sich die Sonderausstellung \u00bbHi Lights! Neues vom Licht\u00ab noch bis Juni 2016 dem faszinierenden Ph\u00e4nomen Licht und seiner [&hellip;]<\/p>\n","protected":false},"author":1,"featured_media":0,"comment_status":"closed","ping_status":"open","sticky":false,"template":"","format":"standard","meta":[],"categories":[3,5,6],"tags":[51,55,184,415,182,78],"_links":{"self":[{"href":"https:\/\/technischesdesign.mw.tu-dresden.de\/blog\/wp-json\/wp\/v2\/posts\/6337"}],"collection":[{"href":"https:\/\/technischesdesign.mw.tu-dresden.de\/blog\/wp-json\/wp\/v2\/posts"}],"about":[{"href":"https:\/\/technischesdesign.mw.tu-dresden.de\/blog\/wp-json\/wp\/v2\/types\/post"}],"author":[{"embeddable":true,"href":"https:\/\/technischesdesign.mw.tu-dresden.de\/blog\/wp-json\/wp\/v2\/users\/1"}],"replies":[{"embeddable":true,"href":"https:\/\/technischesdesign.mw.tu-dresden.de\/blog\/wp-json\/wp\/v2\/comments?post=6337"}],"version-history":[{"count":8,"href":"https:\/\/technischesdesign.mw.tu-dresden.de\/blog\/wp-json\/wp\/v2\/posts\/6337\/revisions"}],"predecessor-version":[{"id":6347,"href":"https:\/\/technischesdesign.mw.tu-dresden.de\/blog\/wp-json\/wp\/v2\/posts\/6337\/revisions\/6347"}],"wp:attachment":[{"href":"https:\/\/technischesdesign.mw.tu-dresden.de\/blog\/wp-json\/wp\/v2\/media?parent=6337"}],"wp:term":[{"taxonomy":"category","embeddable":true,"href":"https:\/\/technischesdesign.mw.tu-dresden.de\/blog\/wp-json\/wp\/v2\/categories?post=6337"},{"taxonomy":"post_tag","embeddable":true,"href":"https:\/\/technischesdesign.mw.tu-dresden.de\/blog\/wp-json\/wp\/v2\/tags?post=6337"}],"curies":[{"name":"wp","href":"https:\/\/api.w.org\/{rel}","templated":true}]}}