{"id":5915,"date":"2014-06-18T12:31:00","date_gmt":"2014-06-18T11:31:00","guid":{"rendered":"http:\/\/technischesdesign.mw.tu-dresden.de\/blog\/?p=5915"},"modified":"2014-06-26T08:21:40","modified_gmt":"2014-06-26T07:21:40","slug":"kurzzeitprojekte-fuer-die-dresdener-forschungslandschaft","status":"publish","type":"post","link":"https:\/\/technischesdesign.mw.tu-dresden.de\/blog\/kurzzeitprojekte-fuer-die-dresdener-forschungslandschaft\/","title":{"rendered":"Kurzzeitprojekte f\u00fcr die dresdener Forschungslandschaft"},"content":{"rendered":"<p><img loading=\"lazy\" class=\"alignnone size-large wp-image-6006\" style=\"color: #000000;line-height: 16px\" alt=\"rendering4\" src=\"http:\/\/technischesdesign.mw.tu-dresden.de\/blog\/wp-content\/uploads\/rendering4-500x353.jpg\" width=\"500\" height=\"353\" srcset=\"https:\/\/technischesdesign.mw.tu-dresden.de\/blog\/wp-content\/uploads\/rendering4-500x353.jpg 500w, https:\/\/technischesdesign.mw.tu-dresden.de\/blog\/wp-content\/uploads\/rendering4-250x176.jpg 250w\" sizes=\"(max-width: 500px) 100vw, 500px\" \/><\/p>\n<p>Im Zeitraum von jeweils sechs Wochen sind f\u00fcnf Designstudien f\u00fcr bestehende Forschungsprojekte entstanden. Die Intension liegt im Test der Leistungsf\u00e4higkeit designspezifischer Methoden f\u00fcr eine zielgerichtete Kommunikation von Forschungsergebnissen und Unterst\u00fctzung des Wissens- und Technologietransfers. Das Spektrum der M\u00f6glichkeiten, sowie der jeweilige Fokus divergieren dabei. Beginnend mit einer allgemein verst\u00e4ndlichen Visualisierung der Forschungsinhalte und der Erarbeitung unterschiedlicher Entwurfsans\u00e4tze ist jeweils eine repr\u00e4sentative Designstudie auszuarbeiten. Der Schwerpunkt der Arbeit liegt auf einer jeweils sehr schnellen, sauber aufbereiteten Analysephase einschlie\u00dflich der Ableitung individueller Designkonzepte und Entwurfsans\u00e4tze und einer darauf aufbauenden Entwicklung und Ausarbeitung eines Gesamtentwurfes mit einer graphisch ansprechenden Aufarbeitung der Ergebnisse.<\/p>\n<p>&nbsp;<\/p>\n<p>Das Belegprojekt umfasste die folgenden Einzelthemen:<\/p>\n<p>&#8211; Untersuchung des Anwenderpotentials\u00a0<span style=\"line-height: 1.5em\">und Entw\u00fcrfe im Bereich Atemgas<\/span><span style=\"line-height: 1.5em\">analyse<\/span><\/p>\n<p>&#8211; Entwurf eines mobilen Interaktionsger\u00e4tes f\u00fcr Reinraumanwendungen<img loading=\"lazy\" class=\"alignnone size-large wp-image-6004\" style=\"color: #000000;line-height: 16px\" alt=\"ger\u00e4tneutral\" src=\"http:\/\/technischesdesign.mw.tu-dresden.de\/blog\/wp-content\/uploads\/ger\u00e4tneutral-500x337.jpg\" width=\"500\" height=\"337\" srcset=\"https:\/\/technischesdesign.mw.tu-dresden.de\/blog\/wp-content\/uploads\/ger\u00e4tneutral-500x337.jpg 500w, https:\/\/technischesdesign.mw.tu-dresden.de\/blog\/wp-content\/uploads\/ger\u00e4tneutral-150x100.jpg 150w, https:\/\/technischesdesign.mw.tu-dresden.de\/blog\/wp-content\/uploads\/ger\u00e4tneutral-250x168.jpg 250w\" sizes=\"(max-width: 500px) 100vw, 500px\" \/><\/p>\n<p>&#8211; Entwurf einer Mensch-Maschine-Schnitt<span style=\"line-height: 1.5em\">stelle<\/span><span style=\"line-height: 1.5em\">f\u00fcr Lastkraftwageninterieurs<\/span><img loading=\"lazy\" class=\"alignnone size-large wp-image-6003\" style=\"color: #000000;line-height: 16px\" alt=\"8\" src=\"http:\/\/technischesdesign.mw.tu-dresden.de\/blog\/wp-content\/uploads\/8-500x353.jpg\" width=\"500\" height=\"353\" srcset=\"https:\/\/technischesdesign.mw.tu-dresden.de\/blog\/wp-content\/uploads\/8-500x353.jpg 500w, https:\/\/technischesdesign.mw.tu-dresden.de\/blog\/wp-content\/uploads\/8-250x176.jpg 250w\" sizes=\"(max-width: 500px) 100vw, 500px\" \/><img loading=\"lazy\" class=\"alignnone size-large wp-image-6005\" style=\"color: #000000;line-height: 16px\" alt=\"poster2020header\" src=\"http:\/\/technischesdesign.mw.tu-dresden.de\/blog\/wp-content\/uploads\/poster2020header-500x416.jpg\" width=\"500\" height=\"416\" srcset=\"https:\/\/technischesdesign.mw.tu-dresden.de\/blog\/wp-content\/uploads\/poster2020header-500x416.jpg 500w, https:\/\/technischesdesign.mw.tu-dresden.de\/blog\/wp-content\/uploads\/poster2020header-250x208.jpg 250w\" sizes=\"(max-width: 500px) 100vw, 500px\" \/><\/p>\n<p>&#8211; Entw\u00fcrfe f\u00fcr Hotel- und B\u00fcrom\u00f6bel im\u00a0<span style=\"line-height: 1.5em\">Kontext des demografischen Wandels<\/span><\/p>\n<p>&#8211; Entw\u00fcrfe von Verpackungen f\u00fcr eine Papiertiefziehmaschine.<\/p>\n<p>&nbsp;<\/p>\n","protected":false},"excerpt":{"rendered":"<p>Im Zeitraum von jeweils sechs Wochen sind f\u00fcnf Designstudien f\u00fcr bestehende Forschungsprojekte entstanden. Die Intension liegt im Test der Leistungsf\u00e4higkeit designspezifischer Methoden f\u00fcr eine zielgerichtete Kommunikation von Forschungsergebnissen und Unterst\u00fctzung des Wissens- und Technologietransfers. Das Spektrum der M\u00f6glichkeiten, sowie der jeweilige Fokus divergieren dabei. Beginnend mit einer allgemein verst\u00e4ndlichen Visualisierung der Forschungsinhalte und der Erarbeitung [&hellip;]<\/p>\n","protected":false},"author":14,"featured_media":0,"comment_status":"closed","ping_status":"open","sticky":false,"template":"","format":"standard","meta":[],"categories":[5,6],"tags":[376,389],"_links":{"self":[{"href":"https:\/\/technischesdesign.mw.tu-dresden.de\/blog\/wp-json\/wp\/v2\/posts\/5915"}],"collection":[{"href":"https:\/\/technischesdesign.mw.tu-dresden.de\/blog\/wp-json\/wp\/v2\/posts"}],"about":[{"href":"https:\/\/technischesdesign.mw.tu-dresden.de\/blog\/wp-json\/wp\/v2\/types\/post"}],"author":[{"embeddable":true,"href":"https:\/\/technischesdesign.mw.tu-dresden.de\/blog\/wp-json\/wp\/v2\/users\/14"}],"replies":[{"embeddable":true,"href":"https:\/\/technischesdesign.mw.tu-dresden.de\/blog\/wp-json\/wp\/v2\/comments?post=5915"}],"version-history":[{"count":3,"href":"https:\/\/technischesdesign.mw.tu-dresden.de\/blog\/wp-json\/wp\/v2\/posts\/5915\/revisions"}],"predecessor-version":[{"id":6007,"href":"https:\/\/technischesdesign.mw.tu-dresden.de\/blog\/wp-json\/wp\/v2\/posts\/5915\/revisions\/6007"}],"wp:attachment":[{"href":"https:\/\/technischesdesign.mw.tu-dresden.de\/blog\/wp-json\/wp\/v2\/media?parent=5915"}],"wp:term":[{"taxonomy":"category","embeddable":true,"href":"https:\/\/technischesdesign.mw.tu-dresden.de\/blog\/wp-json\/wp\/v2\/categories?post=5915"},{"taxonomy":"post_tag","embeddable":true,"href":"https:\/\/technischesdesign.mw.tu-dresden.de\/blog\/wp-json\/wp\/v2\/tags?post=5915"}],"curies":[{"name":"wp","href":"https:\/\/api.w.org\/{rel}","templated":true}]}}