{"id":5700,"date":"2014-01-21T09:59:59","date_gmt":"2014-01-21T08:59:59","guid":{"rendered":"http:\/\/technischesdesign.mw.tu-dresden.de\/blog\/?p=5700"},"modified":"2014-01-21T11:04:07","modified_gmt":"2014-01-21T10:04:07","slug":"gestalterische-grundlagenausbildung-zwischen-aesthetik-und-erleben","status":"publish","type":"post","link":"https:\/\/technischesdesign.mw.tu-dresden.de\/blog\/gestalterische-grundlagenausbildung-zwischen-aesthetik-und-erleben\/","title":{"rendered":"\u00bb\u00d6ffnungszeiten\u00ab 27\/2013 mit Beitr\u00e4gen der TU Dresden erschienen"},"content":{"rendered":"<p><img loading=\"lazy\" class=\"alignnone size-full wp-image-5701\" alt=\"Oeffnungszeiten-27-2013-crop\" src=\"http:\/\/technischesdesign.mw.tu-dresden.de\/blog\/wp-content\/uploads\/Oeffnungszeiten-27-2013-crop.jpg\" width=\"600\" height=\"341\" srcset=\"https:\/\/technischesdesign.mw.tu-dresden.de\/blog\/wp-content\/uploads\/Oeffnungszeiten-27-2013-crop.jpg 600w, https:\/\/technischesdesign.mw.tu-dresden.de\/blog\/wp-content\/uploads\/Oeffnungszeiten-27-2013-crop-250x142.jpg 250w, https:\/\/technischesdesign.mw.tu-dresden.de\/blog\/wp-content\/uploads\/Oeffnungszeiten-27-2013-crop-500x284.jpg 500w\" sizes=\"(max-width: 600px) 100vw, 600px\" \/><\/p>\n<p>Ausgabe 27 der \u00bb\u00d6ffnungszeiten. Papiere zur Designwissenschaft\u00ab ist erschienen. Die Ausgabe widmet sich dem Thema \u00bb\u00c4sthetik\u00ab. In diesem Kontext schreibt\u00a0 unser externer Promovend Frank T. G\u00e4rtner, Professor an der <a href=\"http:\/\/www.htw-aalen.de\/studium\/mps\/\" target=\"_blank\">Hochschule Aalen<\/a>, zum Thema \u00bbIngenieurskunst\u00ab. Christian W\u00f6lfel schreibt gemeinsam mit Katja Thoring, Professorin an der <a href=\"http:\/\/www.design.hs-anhalt.de\/\" target=\"_blank\">Hochschule Anhalt in Dessau<\/a>, \u00fcber gestalterische Grundlagenausbildung im Design. Die Zeitschrift erscheint frei zug\u00e4nglich und ist online verf\u00fcgbar unter <a href=\"http:\/\/www.uni-kassel.de\/upress\/online\/OpenAccess\/1613-5881_002.OpenAccess.pdf\">http:\/\/www.uni-kassel.de\/upress\/online\/OpenAccess\/1613-5881_002.OpenAccess.pdf<\/a>.<\/p>\n<ul>\n<li>G\u00e4rtner, Frank (2013): Emotionale Ingenieurskunst \u2013 was nun?. In: <em>\u00d6ffnungszeiten. Papiere zur Designwissenschaft,<\/em> 27\/2013, S. 73\u201378.<\/li>\n<li>W\u00f6lfel, Christian\/Thoring, Katja (2013): Gestalterische Grundlagenausbildung im Design: zwischen \u00c4sthetik und Erleben. In: <em>\u00d6ffnungszeiten. Papiere zur Designwissenschaft,<\/em> 27\/2013, S. 79\u201392.<\/li>\n<\/ul>\n<p>&nbsp;<\/p>\n","protected":false},"excerpt":{"rendered":"<p>Ausgabe 27 der \u00bb\u00d6ffnungszeiten. Papiere zur Designwissenschaft\u00ab ist erschienen. Die Ausgabe widmet sich dem Thema \u00bb\u00c4sthetik\u00ab. In diesem Kontext schreibt\u00a0 unser externer Promovend Frank T. G\u00e4rtner, Professor an der Hochschule Aalen, zum Thema \u00bbIngenieurskunst\u00ab. Christian W\u00f6lfel schreibt gemeinsam mit Katja Thoring, Professorin an der Hochschule Anhalt in Dessau, \u00fcber gestalterische Grundlagenausbildung im Design. Die Zeitschrift [&hellip;]<\/p>\n","protected":false},"author":2,"featured_media":0,"comment_status":"closed","ping_status":"open","sticky":false,"template":"","format":"standard","meta":[],"categories":[3,4],"tags":[119,47,97],"_links":{"self":[{"href":"https:\/\/technischesdesign.mw.tu-dresden.de\/blog\/wp-json\/wp\/v2\/posts\/5700"}],"collection":[{"href":"https:\/\/technischesdesign.mw.tu-dresden.de\/blog\/wp-json\/wp\/v2\/posts"}],"about":[{"href":"https:\/\/technischesdesign.mw.tu-dresden.de\/blog\/wp-json\/wp\/v2\/types\/post"}],"author":[{"embeddable":true,"href":"https:\/\/technischesdesign.mw.tu-dresden.de\/blog\/wp-json\/wp\/v2\/users\/2"}],"replies":[{"embeddable":true,"href":"https:\/\/technischesdesign.mw.tu-dresden.de\/blog\/wp-json\/wp\/v2\/comments?post=5700"}],"version-history":[{"count":4,"href":"https:\/\/technischesdesign.mw.tu-dresden.de\/blog\/wp-json\/wp\/v2\/posts\/5700\/revisions"}],"predecessor-version":[{"id":5705,"href":"https:\/\/technischesdesign.mw.tu-dresden.de\/blog\/wp-json\/wp\/v2\/posts\/5700\/revisions\/5705"}],"wp:attachment":[{"href":"https:\/\/technischesdesign.mw.tu-dresden.de\/blog\/wp-json\/wp\/v2\/media?parent=5700"}],"wp:term":[{"taxonomy":"category","embeddable":true,"href":"https:\/\/technischesdesign.mw.tu-dresden.de\/blog\/wp-json\/wp\/v2\/categories?post=5700"},{"taxonomy":"post_tag","embeddable":true,"href":"https:\/\/technischesdesign.mw.tu-dresden.de\/blog\/wp-json\/wp\/v2\/tags?post=5700"}],"curies":[{"name":"wp","href":"https:\/\/api.w.org\/{rel}","templated":true}]}}