{"id":5226,"date":"2013-09-11T08:50:58","date_gmt":"2013-09-11T07:50:58","guid":{"rendered":"http:\/\/technischesdesign.wcms-file3.tu-dresden.de\/blog\/?p=5226"},"modified":"2013-10-18T09:50:28","modified_gmt":"2013-10-18T08:50:28","slug":"einladung-zur-retune-conference-2013","status":"publish","type":"post","link":"https:\/\/technischesdesign.mw.tu-dresden.de\/blog\/einladung-zur-retune-conference-2013\/","title":{"rendered":"Einladung zur retune conference 2013"},"content":{"rendered":"<p>Eine Konferenz die sich an\u00a0<span>K\u00fcnstler, Wissenschaftler, Designer, Hacker und Entrepreneure richtet? Da hat sich jemand viel vorgenommen w\u00fcrde ich sagen.<a href=\"http:\/\/www.retune.de\/2013\/#about\"><br \/>\n<\/a><a href=\"http:\/\/www.retune.de\/2013\/#about\"><img loading=\"lazy\" class=\"aligncenter size-large wp-image-5230\" src=\"http:\/\/technischesdesign.wcms-file3.tu-dresden.de\/blog\/wp-content\/uploads\/bildschirmfoto-2013-09-11-um-071134-500x353.png\" alt=\"retune.13\" width=\"500\" height=\"353\" srcset=\"https:\/\/technischesdesign.mw.tu-dresden.de\/blog\/wp-content\/uploads\/bildschirmfoto-2013-09-11-um-071134-500x353.png 500w, https:\/\/technischesdesign.mw.tu-dresden.de\/blog\/wp-content\/uploads\/bildschirmfoto-2013-09-11-um-071134-250x176.png 250w, https:\/\/technischesdesign.mw.tu-dresden.de\/blog\/wp-content\/uploads\/bildschirmfoto-2013-09-11-um-071134.png 1010w\" sizes=\"(max-width: 500px) 100vw, 500px\" \/><\/a><br \/>\n<\/span><\/p>\n<p>Und das mit Recht. Die erste retune fand 2012 statt und war mit 140 Teilnehmern \u00fcber drei Tage ein gro\u00dfer Erfolg, der in diesem Jahr vom 27-29. September in Berlin mit der retune.13 fortgesetzt werden soll. Thematisiert wird die Innovationsdichte und der hohe Vernetzungsgrad unserer Zeit, es geht um nie da gewesene M\u00f6glichkeiten ohne Prezedenzfall zur Nutzung. Was k\u00f6nnen wir alles anstellen mit den\u00a0<span>neuen Technologien, mit den neuen Werkzeugen f\u00fcr Produktion und Vertrieb? Da braucht es Menschen mit Ideen und Visionen, und vor allem Austausch. 16 Vortr\u00e4ge und f\u00fcnf Workshops erwarten die Teilnehmer. Die Kosten sind moderat (Student\/Regular\/Professional &#8211; 49 \u20ac\/69 \u20ac\/99 \u20ac), gesehen sind alle gern, ob Professoren, Mitarbeiter oder Studierende. Genaueres zum Ablauf und den Vortragenden kann man sich auf der sehr sch\u00f6n gestalteten und spannenden Homepage anschauen. dazu einfach klick auf&#8217;s Bild! Genauere Infos zu den Workshops gibt&#8217;s auf Nachfrage bei den Veranstaltern. <\/span><\/p>\n","protected":false},"excerpt":{"rendered":"<p>Eine Konferenz die sich an\u00a0K\u00fcnstler, Wissenschaftler, Designer, Hacker und Entrepreneure richtet? Da hat sich jemand viel vorgenommen w\u00fcrde ich sagen. Und das mit Recht. Die erste retune fand 2012 statt und war mit 140 Teilnehmern \u00fcber drei Tage ein gro\u00dfer Erfolg, der in diesem Jahr vom 27-29. September in Berlin mit der retune.13 fortgesetzt werden [&hellip;]<\/p>\n","protected":false},"author":1,"featured_media":0,"comment_status":"closed","ping_status":"open","sticky":false,"template":"","format":"standard","meta":[],"categories":[81],"tags":[292,57,290,293],"_links":{"self":[{"href":"https:\/\/technischesdesign.mw.tu-dresden.de\/blog\/wp-json\/wp\/v2\/posts\/5226"}],"collection":[{"href":"https:\/\/technischesdesign.mw.tu-dresden.de\/blog\/wp-json\/wp\/v2\/posts"}],"about":[{"href":"https:\/\/technischesdesign.mw.tu-dresden.de\/blog\/wp-json\/wp\/v2\/types\/post"}],"author":[{"embeddable":true,"href":"https:\/\/technischesdesign.mw.tu-dresden.de\/blog\/wp-json\/wp\/v2\/users\/1"}],"replies":[{"embeddable":true,"href":"https:\/\/technischesdesign.mw.tu-dresden.de\/blog\/wp-json\/wp\/v2\/comments?post=5226"}],"version-history":[{"count":8,"href":"https:\/\/technischesdesign.mw.tu-dresden.de\/blog\/wp-json\/wp\/v2\/posts\/5226\/revisions"}],"predecessor-version":[{"id":5403,"href":"https:\/\/technischesdesign.mw.tu-dresden.de\/blog\/wp-json\/wp\/v2\/posts\/5226\/revisions\/5403"}],"wp:attachment":[{"href":"https:\/\/technischesdesign.mw.tu-dresden.de\/blog\/wp-json\/wp\/v2\/media?parent=5226"}],"wp:term":[{"taxonomy":"category","embeddable":true,"href":"https:\/\/technischesdesign.mw.tu-dresden.de\/blog\/wp-json\/wp\/v2\/categories?post=5226"},{"taxonomy":"post_tag","embeddable":true,"href":"https:\/\/technischesdesign.mw.tu-dresden.de\/blog\/wp-json\/wp\/v2\/tags?post=5226"}],"curies":[{"name":"wp","href":"https:\/\/api.w.org\/{rel}","templated":true}]}}