{"id":5208,"date":"2013-08-30T10:11:48","date_gmt":"2013-08-30T09:11:48","guid":{"rendered":"http:\/\/technischesdesign.wcms-file3.tu-dresden.de\/blog\/?p=5208"},"modified":"2013-09-12T20:17:14","modified_gmt":"2013-09-12T19:17:14","slug":"wir-laden-ein-diplomverteidigung-zum-interieurdesign-fur-audi-von-thomas-buhner","status":"publish","type":"post","link":"https:\/\/technischesdesign.mw.tu-dresden.de\/blog\/wir-laden-ein-diplomverteidigung-zum-interieurdesign-fur-audi-von-thomas-buhner\/","title":{"rendered":"Wir laden ein: Diplomverteidigung zum Interieurdesign f\u00fcr Audi von Thomas B\u00fchner"},"content":{"rendered":"<p><span>Bei vielen Automobilkonzernen kommt die Gestaltung der Seele des Wagens, seinem Inneren, an zweiter Stelle. Die sch\u00f6ne H\u00fclle, die nach au\u00dfen gl\u00e4nzt, soll einen bleibenden Eindruck hinterlassen. \u00d6ffnet man dann die T\u00fcren und steigt ein, weicht die anf\u00e4ngliche Euphorie f\u00fcr die Sch\u00f6nheit des Gef\u00e4hrtes Ern\u00fcchterung. Tristes grau umgibt einen, Standardformen und -farben soweit das Auge reicht. Gruselige Polymeroberfl\u00e4chen gehen Hand in Hand. Und pl\u00f6tzlich ist es nichts besonderes mehr. Ein Auto wie jedes andere. Das ist das Bild, welches ich vor Augen habe, wenn ich an Interieure der mir vertrauten Wagen denke. Das es nat\u00fcrlich auch anders geht, beweisen einige Gegenbeispiele. Besonders bei Sportwagen, bei welchen es den Fahrern wirklich prim\u00e4r um das Fahrerlebnis und die Beziehung zu ihrem Wagen geht, wird eine andere Philosophie vertreten. <\/span><\/p>\n<p><img loading=\"lazy\" class=\"aligncenter size-large wp-image-5209\" src=\"http:\/\/technischesdesign.wcms-file3.tu-dresden.de\/blog\/wp-content\/uploads\/teaser_sketch-500x240.jpg\" alt=\"teaser_sketch Diplomverteidigung Thomas B\u00fchner\" width=\"500\" height=\"240\" srcset=\"https:\/\/technischesdesign.mw.tu-dresden.de\/blog\/wp-content\/uploads\/teaser_sketch-500x240.jpg 500w, https:\/\/technischesdesign.mw.tu-dresden.de\/blog\/wp-content\/uploads\/teaser_sketch-250x120.jpg 250w, https:\/\/technischesdesign.mw.tu-dresden.de\/blog\/wp-content\/uploads\/teaser_sketch.jpg 1809w\" sizes=\"(max-width: 500px) 100vw, 500px\" \/><\/p>\n<p>Welche besonderen Charakteristika Sportautomobile und Rennwagen hinsichtlich ihrer Interieurgestaltung aufweisen, und was f\u00fcr eine formale Sprache sich daraus generieren l\u00e4sst, hat Thomas B\u00fchner in seiner Diplomarbeit f\u00fcr Audi n\u00e4her untersucht. Daraus geht eine Designstudie hervor, die sich als fahrdynamisches Automobilkonzept in der prognostizierten automobilen Mobilit\u00e4t der Zukunft positioniert und inszeniert.<\/p>\n<p><span><img loading=\"lazy\" class=\"aligncenter size-large wp-image-5210\" src=\"http:\/\/technischesdesign.wcms-file3.tu-dresden.de\/blog\/wp-content\/uploads\/teaser_foto3-500x375.jpg\" alt=\"teaser_foto3 Diplomverteidigung Thomas B\u00fchner\" width=\"500\" height=\"375\" srcset=\"https:\/\/technischesdesign.mw.tu-dresden.de\/blog\/wp-content\/uploads\/teaser_foto3-500x375.jpg 500w, https:\/\/technischesdesign.mw.tu-dresden.de\/blog\/wp-content\/uploads\/teaser_foto3-250x187.jpg 250w\" sizes=\"(max-width: 500px) 100vw, 500px\" \/><br \/>\n<\/span><\/p>\n<p>Ein hochspannendes Thema, und wir d\u00fcrfen \u00f6ffentlich zur Verteidigung dieser Arbeit einladen! Hier alle n\u00f6tigen Infos auf einen Blick:<\/p>\n<p><span>Thema: <\/span><span>TYP E &#8211; Interieurkonzept <\/span>Studie eines integralen Audi Sport- und Rennwageninterieurs<\/p>\n<p><span>Zeit: Mittwoch, den 04.September 2013, 13:30<\/span><\/p>\n<p>Ort: <a href=\"http:\/\/navigator.tu-dresden.de\/karten\/dresden\/geb\/zeu\" target=\"_blank\">Zeuner-Bau<\/a> Raum 150, Hauptcampus der TU Dresden<\/p>\n","protected":false},"excerpt":{"rendered":"<p>Bei vielen Automobilkonzernen kommt die Gestaltung der Seele des Wagens, seinem Inneren, an zweiter Stelle. Die sch\u00f6ne H\u00fclle, die nach au\u00dfen gl\u00e4nzt, soll einen bleibenden Eindruck hinterlassen. \u00d6ffnet man dann die T\u00fcren und steigt ein, weicht die anf\u00e4ngliche Euphorie f\u00fcr die Sch\u00f6nheit des Gef\u00e4hrtes Ern\u00fcchterung. Tristes grau umgibt einen, Standardformen und -farben soweit das Auge [&hellip;]<\/p>\n","protected":false},"author":1,"featured_media":0,"comment_status":"open","ping_status":"open","sticky":false,"template":"","format":"standard","meta":[],"categories":[3,4,6],"tags":[285,286,284,283,183],"_links":{"self":[{"href":"https:\/\/technischesdesign.mw.tu-dresden.de\/blog\/wp-json\/wp\/v2\/posts\/5208"}],"collection":[{"href":"https:\/\/technischesdesign.mw.tu-dresden.de\/blog\/wp-json\/wp\/v2\/posts"}],"about":[{"href":"https:\/\/technischesdesign.mw.tu-dresden.de\/blog\/wp-json\/wp\/v2\/types\/post"}],"author":[{"embeddable":true,"href":"https:\/\/technischesdesign.mw.tu-dresden.de\/blog\/wp-json\/wp\/v2\/users\/1"}],"replies":[{"embeddable":true,"href":"https:\/\/technischesdesign.mw.tu-dresden.de\/blog\/wp-json\/wp\/v2\/comments?post=5208"}],"version-history":[{"count":10,"href":"https:\/\/technischesdesign.mw.tu-dresden.de\/blog\/wp-json\/wp\/v2\/posts\/5208\/revisions"}],"predecessor-version":[{"id":5252,"href":"https:\/\/technischesdesign.mw.tu-dresden.de\/blog\/wp-json\/wp\/v2\/posts\/5208\/revisions\/5252"}],"wp:attachment":[{"href":"https:\/\/technischesdesign.mw.tu-dresden.de\/blog\/wp-json\/wp\/v2\/media?parent=5208"}],"wp:term":[{"taxonomy":"category","embeddable":true,"href":"https:\/\/technischesdesign.mw.tu-dresden.de\/blog\/wp-json\/wp\/v2\/categories?post=5208"},{"taxonomy":"post_tag","embeddable":true,"href":"https:\/\/technischesdesign.mw.tu-dresden.de\/blog\/wp-json\/wp\/v2\/tags?post=5208"}],"curies":[{"name":"wp","href":"https:\/\/api.w.org\/{rel}","templated":true}]}}