{"id":4466,"date":"2012-11-05T10:52:44","date_gmt":"2012-11-05T09:52:44","guid":{"rendered":"http:\/\/technischesdesign.wcms-file3.tu-dresden.de\/blog\/?p=4466"},"modified":"2012-11-05T12:26:54","modified_gmt":"2012-11-05T11:26:54","slug":"ein-ruckblick-auf-die-designers-open","status":"publish","type":"post","link":"https:\/\/technischesdesign.mw.tu-dresden.de\/blog\/ein-ruckblick-auf-die-designers-open\/","title":{"rendered":"Ein R\u00fcckblick auf die Designers&#8216; Open"},"content":{"rendered":"<p>Am vorvergangenen Sonntag ging in den Hallen der Sportwissenschaftlichen Fakult\u00e4t der Universit\u00e4t Leipzig das gr\u00f6\u00dfte Designfestival Mitteldeutschlands, namentlich <a href=\"http:\/\/www.designersopen.de\" target=\"_blank\">Designers`Open<\/a>, auch schon wieder dem Ende entgegen. Das seit acht Jahren stattfindende Festival beinhaltet Verkauf, Messe und Konferenz (letztere in Kooperation mit uns!) und kann sich mit j\u00e4hrlich steigenden Besucherzahlen immer mehr etablieren. Wie an anderer Stelle bereits erw\u00e4hnt waren wir dieses Jahr auch mit einem Stand dabei, womit das Festival doch noch mal ganz neue und vor allem positive Erfahrungen mit sich brachte.<\/p>\n<p><img loading=\"lazy\" class=\"alignright size-large wp-image-4467\" src=\"http:\/\/technischesdesign.wcms-file3.tu-dresden.de\/blog\/wp-content\/uploads\/img_1785-500x333.jpg\" alt=\"img_1785\" width=\"500\" height=\"333\" srcset=\"https:\/\/technischesdesign.mw.tu-dresden.de\/blog\/wp-content\/uploads\/img_1785-500x333.jpg 500w, https:\/\/technischesdesign.mw.tu-dresden.de\/blog\/wp-content\/uploads\/img_1785-150x100.jpg 150w, https:\/\/technischesdesign.mw.tu-dresden.de\/blog\/wp-content\/uploads\/img_1785-250x166.jpg 250w\" sizes=\"(max-width: 500px) 100vw, 500px\" \/><\/p>\n<div>\n<p>Das Interesse der Besucher an unseren gezeigten Modellen und Konzepten war gro\u00df, viele wollten auch genauer wissen, was wir da so tun an der TU Dresden. Grund genug um n\u00e4chstes Jahr wieder mit einem Stand vertreten zu sein.<\/p>\n<p>In der diesj\u00e4hrigen Sonderausstellung &#8222;new technologies &#8211; smart design&#8220; gab es eine Menge spannende Verfahren und Anwendungsbeispiele zu sehen. Besonderer Fokus lag dabei auf biologischen Herstellungsprozessen und abbaubaren Materialien. Leider war die Ausstellungsfl\u00e4che etwas begrenzt, so sind sehr viele Eindr\u00fccke in relativ kurzer Zeit auf einen eingedrungen und es kam doch hier und da schon mal zum Gedr\u00e4nge. Ein weiterer Wehmutstropfen war die rare Anwesenheit von Unternehmen mit Stand auf den DO. Da h\u00e4tte ich mir mehr Pr\u00e4senz gew\u00fcnscht.<\/p>\n<p>Ein weiteres Highlight waren f\u00fcr mich die Gewinner und Nominierungen des <a href=\"http:\/\/www.design-in-sachsen.de\/index.html\" target=\"_blank\">S\u00e4chsischen Staatspreises f\u00fcr Design<\/a>. Beim zum 13. mal ausgelobten Wettbewerb hat es auch einer von unseren Studenten geschafft sich gegen die Konkurrenz durchzusetzen: Thomas B\u00fchner wurde f\u00fcr sein Konzept &#8222;reset&#8220; der Sonderpreis Neue Mobilit\u00e4t verliehen. Die Jury lobte vor allem die sinnvolle Trennung von Antrieb und Fahrgastzelle womit gro\u00dfe Flexibilit\u00e4t und- als Sharing\u00a0Modell- ein gro\u00dfer Nutzwert f\u00fcr die Allgemeinheit erzielt\u00a0wird. Herzlichen Gl\u00fcckwunsch!<\/p>\n<p><img loading=\"lazy\" class=\"size-medium wp-image-4483 alignleft\" src=\"http:\/\/technischesdesign.wcms-file3.tu-dresden.de\/blog\/wp-content\/uploads\/reset01-1-250x139.jpg\" alt=\"reset01-1\" width=\"250\" height=\"139\" srcset=\"https:\/\/technischesdesign.mw.tu-dresden.de\/blog\/wp-content\/uploads\/reset01-1-250x139.jpg 250w, https:\/\/technischesdesign.mw.tu-dresden.de\/blog\/wp-content\/uploads\/reset01-1-500x278.jpg 500w, https:\/\/technischesdesign.mw.tu-dresden.de\/blog\/wp-content\/uploads\/reset01-1.jpg 1077w\" sizes=\"(max-width: 250px) 100vw, 250px\" \/><img loading=\"lazy\" class=\"alignright size-medium wp-image-4484\" src=\"http:\/\/technischesdesign.wcms-file3.tu-dresden.de\/blog\/wp-content\/uploads\/reset02-1-250x139.jpg\" alt=\"reset02-1\" width=\"250\" height=\"139\" srcset=\"https:\/\/technischesdesign.mw.tu-dresden.de\/blog\/wp-content\/uploads\/reset02-1-250x139.jpg 250w, https:\/\/technischesdesign.mw.tu-dresden.de\/blog\/wp-content\/uploads\/reset02-1-500x278.jpg 500w, https:\/\/technischesdesign.mw.tu-dresden.de\/blog\/wp-content\/uploads\/reset02-1.jpg 1077w\" sizes=\"(max-width: 250px) 100vw, 250px\" \/><\/p>\n<p>Ein paar Eindr\u00fccke:<img loading=\"lazy\" class=\"aligncenter size-large wp-image-4468\" src=\"http:\/\/technischesdesign.wcms-file3.tu-dresden.de\/blog\/wp-content\/uploads\/img_1792-500x333.jpg\" alt=\"img_1792\" width=\"500\" height=\"333\" srcset=\"https:\/\/technischesdesign.mw.tu-dresden.de\/blog\/wp-content\/uploads\/img_1792-500x333.jpg 500w, https:\/\/technischesdesign.mw.tu-dresden.de\/blog\/wp-content\/uploads\/img_1792-150x100.jpg 150w, https:\/\/technischesdesign.mw.tu-dresden.de\/blog\/wp-content\/uploads\/img_1792-250x166.jpg 250w\" sizes=\"(max-width: 500px) 100vw, 500px\" \/><\/p>\n<p>Der Eingang zu Industry-Halle<\/p>\n<p><img loading=\"lazy\" class=\"aligncenter size-large wp-image-4475\" src=\"http:\/\/technischesdesign.wcms-file3.tu-dresden.de\/blog\/wp-content\/uploads\/img_1837-500x333.jpg\" alt=\"img_1837\" width=\"500\" height=\"333\" srcset=\"https:\/\/technischesdesign.mw.tu-dresden.de\/blog\/wp-content\/uploads\/img_1837-500x333.jpg 500w, https:\/\/technischesdesign.mw.tu-dresden.de\/blog\/wp-content\/uploads\/img_1837-150x100.jpg 150w, https:\/\/technischesdesign.mw.tu-dresden.de\/blog\/wp-content\/uploads\/img_1837-250x166.jpg 250w\" sizes=\"(max-width: 500px) 100vw, 500px\" \/><\/p>\n<p>Gut gef\u00fcllte Hallen am Sonntag<\/p>\n<p><img loading=\"lazy\" class=\"aligncenter size-large wp-image-4471\" src=\"http:\/\/technischesdesign.wcms-file3.tu-dresden.de\/blog\/wp-content\/uploads\/img_1811-500x333.jpg\" alt=\"img_1811\" width=\"500\" height=\"333\" srcset=\"https:\/\/technischesdesign.mw.tu-dresden.de\/blog\/wp-content\/uploads\/img_1811-500x333.jpg 500w, https:\/\/technischesdesign.mw.tu-dresden.de\/blog\/wp-content\/uploads\/img_1811-150x100.jpg 150w, https:\/\/technischesdesign.mw.tu-dresden.de\/blog\/wp-content\/uploads\/img_1811-250x166.jpg 250w\" sizes=\"(max-width: 500px) 100vw, 500px\" \/><\/p>\n<p>Ein Elektrofahrzeug, konzipiert und gebaut von Studenten der FH Magdeburg.<\/p>\n<p><img loading=\"lazy\" class=\"alignleft size-medium wp-image-4479\" src=\"http:\/\/technischesdesign.wcms-file3.tu-dresden.de\/blog\/wp-content\/uploads\/img_1868-250x166.jpg\" alt=\"img_1868\" width=\"250\" height=\"166\" srcset=\"https:\/\/technischesdesign.mw.tu-dresden.de\/blog\/wp-content\/uploads\/img_1868-250x166.jpg 250w, https:\/\/technischesdesign.mw.tu-dresden.de\/blog\/wp-content\/uploads\/img_1868-150x100.jpg 150w, https:\/\/technischesdesign.mw.tu-dresden.de\/blog\/wp-content\/uploads\/img_1868-500x333.jpg 500w\" sizes=\"(max-width: 250px) 100vw, 250px\" \/><img loading=\"lazy\" class=\"alignright size-medium wp-image-4478\" src=\"http:\/\/technischesdesign.wcms-file3.tu-dresden.de\/blog\/wp-content\/uploads\/img_1862-250x166.jpg\" alt=\"img_1862\" width=\"250\" height=\"166\" srcset=\"https:\/\/technischesdesign.mw.tu-dresden.de\/blog\/wp-content\/uploads\/img_1862-250x166.jpg 250w, https:\/\/technischesdesign.mw.tu-dresden.de\/blog\/wp-content\/uploads\/img_1862-150x100.jpg 150w, https:\/\/technischesdesign.mw.tu-dresden.de\/blog\/wp-content\/uploads\/img_1862-500x333.jpg 500w\" sizes=\"(max-width: 250px) 100vw, 250px\" \/><\/div>\n<p>Tina und Albrecht im Gespr\u00e4ch mit Besuchern an unserem Stand.<\/p>\n<p><img loading=\"lazy\" class=\"aligncenter size-large wp-image-4480\" src=\"http:\/\/technischesdesign.wcms-file3.tu-dresden.de\/blog\/wp-content\/uploads\/img_1911-500x333.jpg\" alt=\"img_1911\" width=\"500\" height=\"333\" srcset=\"https:\/\/technischesdesign.mw.tu-dresden.de\/blog\/wp-content\/uploads\/img_1911-500x333.jpg 500w, https:\/\/technischesdesign.mw.tu-dresden.de\/blog\/wp-content\/uploads\/img_1911-150x100.jpg 150w, https:\/\/technischesdesign.mw.tu-dresden.de\/blog\/wp-content\/uploads\/img_1911-250x166.jpg 250w\" sizes=\"(max-width: 500px) 100vw, 500px\" \/><\/p>\n<p><a href=\"http:\/\/www.the-electric-hotel.com\">The Electric Hotel<\/a> war auch mit dabei.<\/p>\n<p><img loading=\"lazy\" class=\"aligncenter size-large wp-image-4481\" src=\"http:\/\/technischesdesign.wcms-file3.tu-dresden.de\/blog\/wp-content\/uploads\/img_1928-500x333.jpg\" alt=\"img_1928\" width=\"500\" height=\"333\" srcset=\"https:\/\/technischesdesign.mw.tu-dresden.de\/blog\/wp-content\/uploads\/img_1928-500x333.jpg 500w, https:\/\/technischesdesign.mw.tu-dresden.de\/blog\/wp-content\/uploads\/img_1928-150x100.jpg 150w, https:\/\/technischesdesign.mw.tu-dresden.de\/blog\/wp-content\/uploads\/img_1928-250x166.jpg 250w\" sizes=\"(max-width: 500px) 100vw, 500px\" \/><\/p>\n<p>Mein Favorit aus der Market-Halle: <a href=\"http:\/\/wunderholz.com\/TensegriToy.html\">TensegriToy<\/a><\/p>\n<p><img loading=\"lazy\" class=\"aligncenter size-large wp-image-4511\" src=\"http:\/\/technischesdesign.wcms-file3.tu-dresden.de\/blog\/wp-content\/uploads\/desktop1-500x312.jpg\" alt=\"desktop1\" width=\"500\" height=\"312\" srcset=\"https:\/\/technischesdesign.mw.tu-dresden.de\/blog\/wp-content\/uploads\/desktop1-500x312.jpg 500w, https:\/\/technischesdesign.mw.tu-dresden.de\/blog\/wp-content\/uploads\/desktop1-250x156.jpg 250w\" sizes=\"(max-width: 500px) 100vw, 500px\" \/><\/p>\n<p>Nominierungen des S\u00e4chsischen Staatspreises und andere interessante Objekte<\/p>\n<p><img loading=\"lazy\" class=\"aligncenter size-large wp-image-4510\" src=\"http:\/\/technischesdesign.wcms-file3.tu-dresden.de\/blog\/wp-content\/uploads\/desktop-500x312.jpg\" alt=\"desktop\" width=\"500\" height=\"312\" srcset=\"https:\/\/technischesdesign.mw.tu-dresden.de\/blog\/wp-content\/uploads\/desktop-500x312.jpg 500w, https:\/\/technischesdesign.mw.tu-dresden.de\/blog\/wp-content\/uploads\/desktop-250x156.jpg 250w\" sizes=\"(max-width: 500px) 100vw, 500px\" \/><\/p>\n<p>Anschauungsmaterial &#8222;new technologies &#8211; smart design&#8220;<\/p>\n","protected":false},"excerpt":{"rendered":"<p>Am vorvergangenen Sonntag ging in den Hallen der Sportwissenschaftlichen Fakult\u00e4t der Universit\u00e4t Leipzig das gr\u00f6\u00dfte Designfestival Mitteldeutschlands, namentlich Designers`Open, auch schon wieder dem Ende entgegen. Das seit acht Jahren stattfindende Festival beinhaltet Verkauf, Messe und Konferenz (letztere in Kooperation mit uns!) und kann sich mit j\u00e4hrlich steigenden Besucherzahlen immer mehr etablieren. Wie an anderer Stelle [&hellip;]<\/p>\n","protected":false},"author":1,"featured_media":0,"comment_status":"closed","ping_status":"open","sticky":false,"template":"","format":"standard","meta":[],"categories":[81],"tags":[107,57,109,173],"_links":{"self":[{"href":"https:\/\/technischesdesign.mw.tu-dresden.de\/blog\/wp-json\/wp\/v2\/posts\/4466"}],"collection":[{"href":"https:\/\/technischesdesign.mw.tu-dresden.de\/blog\/wp-json\/wp\/v2\/posts"}],"about":[{"href":"https:\/\/technischesdesign.mw.tu-dresden.de\/blog\/wp-json\/wp\/v2\/types\/post"}],"author":[{"embeddable":true,"href":"https:\/\/technischesdesign.mw.tu-dresden.de\/blog\/wp-json\/wp\/v2\/users\/1"}],"replies":[{"embeddable":true,"href":"https:\/\/technischesdesign.mw.tu-dresden.de\/blog\/wp-json\/wp\/v2\/comments?post=4466"}],"version-history":[{"count":39,"href":"https:\/\/technischesdesign.mw.tu-dresden.de\/blog\/wp-json\/wp\/v2\/posts\/4466\/revisions"}],"predecessor-version":[{"id":4530,"href":"https:\/\/technischesdesign.mw.tu-dresden.de\/blog\/wp-json\/wp\/v2\/posts\/4466\/revisions\/4530"}],"wp:attachment":[{"href":"https:\/\/technischesdesign.mw.tu-dresden.de\/blog\/wp-json\/wp\/v2\/media?parent=4466"}],"wp:term":[{"taxonomy":"category","embeddable":true,"href":"https:\/\/technischesdesign.mw.tu-dresden.de\/blog\/wp-json\/wp\/v2\/categories?post=4466"},{"taxonomy":"post_tag","embeddable":true,"href":"https:\/\/technischesdesign.mw.tu-dresden.de\/blog\/wp-json\/wp\/v2\/tags?post=4466"}],"curies":[{"name":"wp","href":"https:\/\/api.w.org\/{rel}","templated":true}]}}