{"id":4441,"date":"2012-10-24T23:21:43","date_gmt":"2012-10-24T22:21:43","guid":{"rendered":"http:\/\/technischesdesign.wcms-file3.tu-dresden.de\/blog\/?p=4441"},"modified":"2012-11-03T15:00:26","modified_gmt":"2012-11-03T14:00:26","slug":"semesterauftakt-was-bringt-das-neue-semester","status":"publish","type":"post","link":"https:\/\/technischesdesign.mw.tu-dresden.de\/blog\/semesterauftakt-was-bringt-das-neue-semester\/","title":{"rendered":"Semesterauftakt &#8211; Was bringt das neue Semester?"},"content":{"rendered":"<p>Auch wenn es sich f\u00fcr die meisten nicht mehr so anf\u00fchlen mag &#8211; das neue Semester ist immer noch ganz frisch.<\/p>\n<p style=\"text-align: left;\">\n<p><img loading=\"lazy\" class=\"size-medium wp-image-4457 alignleft\" src=\"http:\/\/technischesdesign.wcms-file3.tu-dresden.de\/blog\/wp-content\/uploads\/einleitung_normal_gallery-250x183.jpg\" alt=\"einleitung_normal_gallery\" width=\"250\" height=\"183\" srcset=\"https:\/\/technischesdesign.mw.tu-dresden.de\/blog\/wp-content\/uploads\/einleitung_normal_gallery-250x183.jpg 250w, https:\/\/technischesdesign.mw.tu-dresden.de\/blog\/wp-content\/uploads\/einleitung_normal_gallery.jpg 500w\" sizes=\"(max-width: 250px) 100vw, 250px\" \/><\/p>\n<p style=\"text-align: left;\">Deshalb wurden letzte Woche\u00a0Freitag alle Studenten des Technischen Designs zum Semesterstart eingeladen, um die wichtigen Themen und Termine der kommenden sechs Monate zu besprechen. Dabei wurde auch entschieden eine Tradition wieder aufleben zu lassen &#8211; die Wanderung f\u00fcr die neuen Studenten des 5. Semesters. Um einander kennen zu lernen, Erfahrungen auszutauschen und eine Basis f\u00fcr gute zuk\u00fcnftige Zusammenarbeit zu schaffen. Organisiert wird der Ausflug vom 7. Semester, ein Termin steht noch nicht fest, aber das Ziel: Erkunden der S\u00e4chsischen Schweiz! Die Planung ist in vollem Gange.<\/p>\n<p>Weiterhin wurde \u00fcber die Lage im Standort August-Bebel-Stra\u00dfe und die zuk\u00fcnftige Raumaufteilung gesprochen. Da wir nun durch die Juniorprofessur sowie durch den Arbeitsraum 150 im Standort Zeuner-Bau st\u00e4rker vertreten sind, wird daran gearbeitet diese Pr\u00e4senz zuk\u00fcnftig auszubauen und das Zentrum noch mehr mit der Fakult\u00e4t zu vernetzen.<\/p>\n<p>Ein sehr interessantes Thema ist das geplante &#8222;Studentische Designb\u00fcro&#8220;. Das Konzept soll entstehen um Auftr\u00e4ge, die im Moment aus Zeitgr\u00fcnden nicht bearbeitet werden k\u00f6nnen, entgegen zu nehmen. Es soll durch die Studenten aufgebaut und auch von ihnen geleitet werden. Wir sind gespannt!<\/p>\n<p>Damit w\u00fcnschen wir allen Studenten ein erfolgreiches Semester, bleibt motiviert!<\/p>\n","protected":false},"excerpt":{"rendered":"<p>Auch wenn es sich f\u00fcr die meisten nicht mehr so anf\u00fchlen mag &#8211; das neue Semester ist immer noch ganz frisch. Deshalb wurden letzte Woche\u00a0Freitag alle Studenten des Technischen Designs zum Semesterstart eingeladen, um die wichtigen Themen und Termine der kommenden sechs Monate zu besprechen. Dabei wurde auch entschieden eine Tradition wieder aufleben zu lassen [&hellip;]<\/p>\n","protected":false},"author":1,"featured_media":0,"comment_status":"closed","ping_status":"open","sticky":false,"template":"","format":"standard","meta":[],"categories":[4,6],"tags":[257,256,254,255,253],"_links":{"self":[{"href":"https:\/\/technischesdesign.mw.tu-dresden.de\/blog\/wp-json\/wp\/v2\/posts\/4441"}],"collection":[{"href":"https:\/\/technischesdesign.mw.tu-dresden.de\/blog\/wp-json\/wp\/v2\/posts"}],"about":[{"href":"https:\/\/technischesdesign.mw.tu-dresden.de\/blog\/wp-json\/wp\/v2\/types\/post"}],"author":[{"embeddable":true,"href":"https:\/\/technischesdesign.mw.tu-dresden.de\/blog\/wp-json\/wp\/v2\/users\/1"}],"replies":[{"embeddable":true,"href":"https:\/\/technischesdesign.mw.tu-dresden.de\/blog\/wp-json\/wp\/v2\/comments?post=4441"}],"version-history":[{"count":5,"href":"https:\/\/technischesdesign.mw.tu-dresden.de\/blog\/wp-json\/wp\/v2\/posts\/4441\/revisions"}],"predecessor-version":[{"id":4521,"href":"https:\/\/technischesdesign.mw.tu-dresden.de\/blog\/wp-json\/wp\/v2\/posts\/4441\/revisions\/4521"}],"wp:attachment":[{"href":"https:\/\/technischesdesign.mw.tu-dresden.de\/blog\/wp-json\/wp\/v2\/media?parent=4441"}],"wp:term":[{"taxonomy":"category","embeddable":true,"href":"https:\/\/technischesdesign.mw.tu-dresden.de\/blog\/wp-json\/wp\/v2\/categories?post=4441"},{"taxonomy":"post_tag","embeddable":true,"href":"https:\/\/technischesdesign.mw.tu-dresden.de\/blog\/wp-json\/wp\/v2\/tags?post=4441"}],"curies":[{"name":"wp","href":"https:\/\/api.w.org\/{rel}","templated":true}]}}