{"id":4356,"date":"2012-10-17T09:00:45","date_gmt":"2012-10-17T08:00:45","guid":{"rendered":"http:\/\/technischesdesign.wcms-file3.tu-dresden.de\/blog\/?p=4356"},"modified":"2012-10-18T17:15:18","modified_gmt":"2012-10-18T16:15:18","slug":"light-up-%e2%80%93-auftakt-mit-der-htw","status":"publish","type":"post","link":"https:\/\/technischesdesign.mw.tu-dresden.de\/blog\/light-up-%e2%80%93-auftakt-mit-der-htw\/","title":{"rendered":"Light Up \u2013 Auftakt mit der HTW"},"content":{"rendered":"<p><img loading=\"lazy\" class=\"alignleft size-medium wp-image-4368\" title=\"logo-light-up\" src=\"http:\/\/technischesdesign.wcms-file3.tu-dresden.de\/blog\/wp-content\/uploads\/logo-light-up-249x104.jpg\" alt=\"logo-light-up\" width=\"200\" height=\"83\" srcset=\"https:\/\/technischesdesign.mw.tu-dresden.de\/blog\/wp-content\/uploads\/logo-light-up-249x104.jpg 249w, https:\/\/technischesdesign.mw.tu-dresden.de\/blog\/wp-content\/uploads\/logo-light-up.jpg 446w\" sizes=\"(max-width: 200px) 100vw, 200px\" \/><\/p>\n<p>&#8222;Light Up \u2013 Licht an!&#8220; hie\u00df es am Dienstag f\u00fcr das hochschul\u00fcbergreifende Projekt der TU Dresden und der HTW. In Kooperation mit dem <a href=\"http:\/\/www.skd.museum\/de\/museen-institutionen\/schloss-pillnitz\/kunstgewerbemuseum\/index.html\">Kunstgewerbemuseum<\/a> der <a href=\"http:\/\/www.skd.museum\/\">staatlichen Kunstsammlung Dresden<\/a> bietet sich dieses Semestern den Studierenden des <a href=\"http:\/\/www.tu-dresden.de\/die_tu_dresden\/fakultaeten\/fakultaet_maschinenwesen\/imm\/ktc\/td\">Technischen Designs<\/a> (TU) und der <a href=\"http:\/\/www2.htw-dresden.de\/~gwww\/de\/01fachbereich.html\">Produktgestaltung <\/a>(HTW) die M\u00f6glichkeit, sich in inderdisziplin\u00e4ren Teams mit dem Thema Licht auseinanderzusetzen.<\/p>\n<p>Begann der Kick-off vormittags noch mit einem gem\u00fctlichen Stuhlkreis und vorsichtigem Ann\u00e4hern in den R\u00e4umen der HTW, wurde es nachmittags schon handfester: eingeladen vom Kunstgewerbemuseum stand eine Exkursion ins Schloss Pillnitz auf dem Plan. Neben den offiziellen Ausstellungen konnte auch der ein oder andere Blick hinter die Kulissen und in die Depots geworfen werden. Sinn und Zweck des Ganzen war zum einen, einen Eindruck von unterschiedlichster Raumausleuchtungen und Wirkung von Licht im Raum zu bekommen und zum anderen auch den historischen Ursprung von Licht und Lichtquellen f\u00fcr die zuk\u00fcnftige Arbeit einbeziehen zu k\u00f6nnen.<\/p>\n<p>Neben dem Erfahrungsgewinn und der Interaktion verschiedener Hochschulen ist als zus\u00e4tzliche Motivation die m\u00f6gliche Publikation und Ausstellung der Projektergebnisse in den R\u00e4umen des Kunstgewerbemuseums gedacht. Wir sind daher gespannt auf das geb\u00fcndelte Potenzial der Studierenden und die erleuchtenden Momente der n\u00e4chsten Monate.<\/p>\n","protected":false},"excerpt":{"rendered":"<p>&#8222;Light Up \u2013 Licht an!&#8220; hie\u00df es am Dienstag f\u00fcr das hochschul\u00fcbergreifende Projekt der TU Dresden und der HTW. In Kooperation mit dem Kunstgewerbemuseum der staatlichen Kunstsammlung Dresden bietet sich dieses Semestern den Studierenden des Technischen Designs (TU) und der Produktgestaltung (HTW) die M\u00f6glichkeit, sich in inderdisziplin\u00e4ren Teams mit dem Thema Licht auseinanderzusetzen. Begann der [&hellip;]<\/p>\n","protected":false},"author":1,"featured_media":0,"comment_status":"closed","ping_status":"open","sticky":false,"template":"","format":"standard","meta":[],"categories":[81,4,6],"tags":[119,44,99],"_links":{"self":[{"href":"https:\/\/technischesdesign.mw.tu-dresden.de\/blog\/wp-json\/wp\/v2\/posts\/4356"}],"collection":[{"href":"https:\/\/technischesdesign.mw.tu-dresden.de\/blog\/wp-json\/wp\/v2\/posts"}],"about":[{"href":"https:\/\/technischesdesign.mw.tu-dresden.de\/blog\/wp-json\/wp\/v2\/types\/post"}],"author":[{"embeddable":true,"href":"https:\/\/technischesdesign.mw.tu-dresden.de\/blog\/wp-json\/wp\/v2\/users\/1"}],"replies":[{"embeddable":true,"href":"https:\/\/technischesdesign.mw.tu-dresden.de\/blog\/wp-json\/wp\/v2\/comments?post=4356"}],"version-history":[{"count":12,"href":"https:\/\/technischesdesign.mw.tu-dresden.de\/blog\/wp-json\/wp\/v2\/posts\/4356\/revisions"}],"predecessor-version":[{"id":4358,"href":"https:\/\/technischesdesign.mw.tu-dresden.de\/blog\/wp-json\/wp\/v2\/posts\/4356\/revisions\/4358"}],"wp:attachment":[{"href":"https:\/\/technischesdesign.mw.tu-dresden.de\/blog\/wp-json\/wp\/v2\/media?parent=4356"}],"wp:term":[{"taxonomy":"category","embeddable":true,"href":"https:\/\/technischesdesign.mw.tu-dresden.de\/blog\/wp-json\/wp\/v2\/categories?post=4356"},{"taxonomy":"post_tag","embeddable":true,"href":"https:\/\/technischesdesign.mw.tu-dresden.de\/blog\/wp-json\/wp\/v2\/tags?post=4356"}],"curies":[{"name":"wp","href":"https:\/\/api.w.org\/{rel}","templated":true}]}}