{"id":4120,"date":"2012-07-06T08:30:37","date_gmt":"2012-07-06T07:30:37","guid":{"rendered":"http:\/\/technischesdesign.wcms-file3.tu-dresden.de\/blog\/?p=4120"},"modified":"2012-07-06T11:00:06","modified_gmt":"2012-07-06T10:00:06","slug":"open4innovation2012","status":"publish","type":"post","link":"https:\/\/technischesdesign.mw.tu-dresden.de\/blog\/open4innovation2012\/","title":{"rendered":"open4INNOVATION2012"},"content":{"rendered":"<p>Die <a href=\"http:\/\/www.open4innovation2012.de\/\">open4INNOVATION2012<\/a> ist eine Fachtagung des <a href=\"http:\/\/www-smt.inf.tu-dresden.de\/\">Institutes f\u00fcr Software- und Multimediatechnik<\/a> der Fakult\u00e4t Informatik. Sie soll Wissenschaft, Politik und Wirtschaft\u00a0 in verschiedenen Themengebieten wie z.B. Robotik zusammenf\u00fchren und cyber-physikalische Zukunftskonzepte f\u00fcr Sachsen voranbringen nach dem Motto<\/p>\n<blockquote><p>regional kooperativ, global innovativ<\/p><\/blockquote>\n<p>Die Tagung am 9. Mai diesen Jahres war sowohl Plattform f\u00fcr ein breit angelegtes Fachforum als auch f\u00fcr ein Gr\u00fcnderforum. Dr.-Ing. Krzywinski, Mitarbeiter am Zentrum f\u00fcr Technisches Design, steuerte mit seinem Vortrag &#8222;Visualisierungswerkzeug f\u00fcr das Technologie-Daten-Management produktionstechn. Systeme&#8220; zum Fachforum bei.<\/p>\n<p>Ein Res\u00fcmee der besonderen Art schafft die <a href=\"http:\/\/open4innovation2012.de\/memory\/memory.html\">INNOVATIONmemory<\/a>, ein eigens entwickeltes Visualisierungswerkzeug. Durch dieses k\u00f6nnen die Fachvortr\u00e4ge vernetzt\u00a0 sowie Inhalte und Informationen interaktiv eingebaut werden. Das Mitwirken aller Beteiligten ist erw\u00fcnscht.<img loading=\"lazy\" class=\"aligncenter size-full wp-image-4142\" title=\"INNOVATIONmemory\" src=\"http:\/\/technischesdesign.wcms-file3.tu-dresden.de\/blog\/wp-content\/uploads\/memory.jpg\" alt=\"INNOVATIONmemory\" width=\"500\" height=\"274\" srcset=\"https:\/\/technischesdesign.mw.tu-dresden.de\/blog\/wp-content\/uploads\/memory.jpg 836w, https:\/\/technischesdesign.mw.tu-dresden.de\/blog\/wp-content\/uploads\/memory-250x137.jpg 250w, https:\/\/technischesdesign.mw.tu-dresden.de\/blog\/wp-content\/uploads\/memory-500x274.jpg 500w\" sizes=\"(max-width: 500px) 100vw, 500px\" \/><\/p>\n","protected":false},"excerpt":{"rendered":"<p>Die open4INNOVATION2012 ist eine Fachtagung des Institutes f\u00fcr Software- und Multimediatechnik der Fakult\u00e4t Informatik. Sie soll Wissenschaft, Politik und Wirtschaft\u00a0 in verschiedenen Themengebieten wie z.B. Robotik zusammenf\u00fchren und cyber-physikalische Zukunftskonzepte f\u00fcr Sachsen voranbringen nach dem Motto regional kooperativ, global innovativ Die Tagung am 9. Mai diesen Jahres war sowohl Plattform f\u00fcr ein breit angelegtes Fachforum [&hellip;]<\/p>\n","protected":false},"author":1,"featured_media":0,"comment_status":"closed","ping_status":"open","sticky":false,"template":"","format":"standard","meta":[],"categories":[81,6],"tags":[57,74],"_links":{"self":[{"href":"https:\/\/technischesdesign.mw.tu-dresden.de\/blog\/wp-json\/wp\/v2\/posts\/4120"}],"collection":[{"href":"https:\/\/technischesdesign.mw.tu-dresden.de\/blog\/wp-json\/wp\/v2\/posts"}],"about":[{"href":"https:\/\/technischesdesign.mw.tu-dresden.de\/blog\/wp-json\/wp\/v2\/types\/post"}],"author":[{"embeddable":true,"href":"https:\/\/technischesdesign.mw.tu-dresden.de\/blog\/wp-json\/wp\/v2\/users\/1"}],"replies":[{"embeddable":true,"href":"https:\/\/technischesdesign.mw.tu-dresden.de\/blog\/wp-json\/wp\/v2\/comments?post=4120"}],"version-history":[{"count":22,"href":"https:\/\/technischesdesign.mw.tu-dresden.de\/blog\/wp-json\/wp\/v2\/posts\/4120\/revisions"}],"predecessor-version":[{"id":4171,"href":"https:\/\/technischesdesign.mw.tu-dresden.de\/blog\/wp-json\/wp\/v2\/posts\/4120\/revisions\/4171"}],"wp:attachment":[{"href":"https:\/\/technischesdesign.mw.tu-dresden.de\/blog\/wp-json\/wp\/v2\/media?parent=4120"}],"wp:term":[{"taxonomy":"category","embeddable":true,"href":"https:\/\/technischesdesign.mw.tu-dresden.de\/blog\/wp-json\/wp\/v2\/categories?post=4120"},{"taxonomy":"post_tag","embeddable":true,"href":"https:\/\/technischesdesign.mw.tu-dresden.de\/blog\/wp-json\/wp\/v2\/tags?post=4120"}],"curies":[{"name":"wp","href":"https:\/\/api.w.org\/{rel}","templated":true}]}}