{"id":2677,"date":"2010-11-09T12:39:35","date_gmt":"2010-11-09T11:39:35","guid":{"rendered":"http:\/\/technischesdesign.wcms-file3.tu-dresden.de\/blog\/?p=2677"},"modified":"2010-11-16T12:45:41","modified_gmt":"2010-11-16T11:45:41","slug":"long-lost-friends-%e2%80%93-tagung-in-bern","status":"publish","type":"post","link":"https:\/\/technischesdesign.mw.tu-dresden.de\/blog\/long-lost-friends-%e2%80%93-tagung-in-bern\/","title":{"rendered":"Long Lost Friends \u2013 Tagung in Bern"},"content":{"rendered":"<p><img loading=\"lazy\" class=\"alignnone size-full wp-image-2678\" title=\"longlostfriends\" src=\"http:\/\/technischesdesign.wcms-file3.tu-dresden.de\/blog\/wp-content\/uploads\/longlostfriends.jpg\" alt=\"longlostfriends\" width=\"500\" height=\"308\" srcset=\"https:\/\/technischesdesign.mw.tu-dresden.de\/blog\/wp-content\/uploads\/longlostfriends.jpg 500w, https:\/\/technischesdesign.mw.tu-dresden.de\/blog\/wp-content\/uploads\/longlostfriends-250x154.jpg 250w\" sizes=\"(max-width: 500px) 100vw, 500px\" \/><\/p>\n<p>Wissenschaftliche Tagung an der Hochschule der K\u00fcnste Bern vom 25. bis zum 26. November 2010,\u00a0 organisiert von Claudia Mareis (Bern) und Christof Windg\u00e4tter (Wien)<\/p>\n<blockquote><p>Die Untersuchungsgegenst\u00e4nde und Ans\u00e4tze zeitgen\u00f6ssischer Design-, Medien- und Wissenschaftsforschungen scheinen thematisch auf vielf\u00e4ltige Art und Weise verwoben zu sein. So werden derzeit in der Medien- und Wissenschaftsforschung die Bedingungen von Wissensr\u00e4umen, Forschungsobjekten und Mediensystemen ebenso nachdr\u00fccklich befragt wie in der Designforschung die epistemologischen Potentiale von Designpraktiken und &#8211; gegenst\u00e4nden. Die genannten Forschungsfelder treffen sich in ihrem Interesse an den konkreten Darstellungsweisen des Experimentierens, Aufzeichnens, Entwerfens und Gestaltens.<\/p><\/blockquote>\n","protected":false},"excerpt":{"rendered":"<p>Wissenschaftliche Tagung an der Hochschule der K\u00fcnste Bern vom 25. bis zum 26. November 2010,\u00a0 organisiert von Claudia Mareis (Bern) und Christof Windg\u00e4tter (Wien) Die Untersuchungsgegenst\u00e4nde und Ans\u00e4tze zeitgen\u00f6ssischer Design-, Medien- und Wissenschaftsforschungen scheinen thematisch auf vielf\u00e4ltige Art und Weise verwoben zu sein. So werden derzeit in der Medien- und Wissenschaftsforschung die Bedingungen von Wissensr\u00e4umen, [&hellip;]<\/p>\n","protected":false},"author":2,"featured_media":0,"comment_status":"open","ping_status":"open","sticky":false,"template":"","format":"standard","meta":[],"categories":[81],"tags":[47,57],"_links":{"self":[{"href":"https:\/\/technischesdesign.mw.tu-dresden.de\/blog\/wp-json\/wp\/v2\/posts\/2677"}],"collection":[{"href":"https:\/\/technischesdesign.mw.tu-dresden.de\/blog\/wp-json\/wp\/v2\/posts"}],"about":[{"href":"https:\/\/technischesdesign.mw.tu-dresden.de\/blog\/wp-json\/wp\/v2\/types\/post"}],"author":[{"embeddable":true,"href":"https:\/\/technischesdesign.mw.tu-dresden.de\/blog\/wp-json\/wp\/v2\/users\/2"}],"replies":[{"embeddable":true,"href":"https:\/\/technischesdesign.mw.tu-dresden.de\/blog\/wp-json\/wp\/v2\/comments?post=2677"}],"version-history":[{"count":1,"href":"https:\/\/technischesdesign.mw.tu-dresden.de\/blog\/wp-json\/wp\/v2\/posts\/2677\/revisions"}],"predecessor-version":[{"id":2679,"href":"https:\/\/technischesdesign.mw.tu-dresden.de\/blog\/wp-json\/wp\/v2\/posts\/2677\/revisions\/2679"}],"wp:attachment":[{"href":"https:\/\/technischesdesign.mw.tu-dresden.de\/blog\/wp-json\/wp\/v2\/media?parent=2677"}],"wp:term":[{"taxonomy":"category","embeddable":true,"href":"https:\/\/technischesdesign.mw.tu-dresden.de\/blog\/wp-json\/wp\/v2\/categories?post=2677"},{"taxonomy":"post_tag","embeddable":true,"href":"https:\/\/technischesdesign.mw.tu-dresden.de\/blog\/wp-json\/wp\/v2\/tags?post=2677"}],"curies":[{"name":"wp","href":"https:\/\/api.w.org\/{rel}","templated":true}]}}