{"id":186,"date":"2008-04-15T17:50:04","date_gmt":"2008-04-15T16:50:04","guid":{"rendered":"http:\/\/technischesdesign.wcms-file3.tu-dresden.de\/blog\/?p=186"},"modified":"2009-11-13T23:05:43","modified_gmt":"2009-11-13T22:05:43","slug":"forsttechnik","status":"publish","type":"post","link":"https:\/\/technischesdesign.mw.tu-dresden.de\/blog\/forsttechnik\/","title":{"rendered":"Holzerntemaschine mit Schreitwerk"},"content":{"rendered":"<p>Bearbeiter: Christian Knobloch<\/p>\n<p><img loading=\"lazy\" class=\"alignleft size-full wp-image-768\" title=\"harvest1\" src=\"http:\/\/technischesdesign.wcms-file3.tu-dresden.de\/blog\/wp-content\/uploads\/harvest1.jpg\" alt=\"harvest1\" width=\"500\" height=\"333\" srcset=\"https:\/\/technischesdesign.mw.tu-dresden.de\/blog\/wp-content\/uploads\/harvest1.jpg 500w, https:\/\/technischesdesign.mw.tu-dresden.de\/blog\/wp-content\/uploads\/harvest1-150x100.jpg 150w, https:\/\/technischesdesign.mw.tu-dresden.de\/blog\/wp-content\/uploads\/harvest1-250x166.jpg 250w\" sizes=\"(max-width: 500px) 100vw, 500px\" \/><\/p>\n<p><img loading=\"lazy\" class=\"alignleft size-full wp-image-808\" title=\"knobloch-1\" src=\"http:\/\/technischesdesign.wcms-file3.tu-dresden.de\/blog\/wp-content\/uploads\/knobloch-1.jpg\" alt=\"knobloch-1\" width=\"449\" height=\"315\" srcset=\"https:\/\/technischesdesign.mw.tu-dresden.de\/blog\/wp-content\/uploads\/knobloch-1.jpg 449w, https:\/\/technischesdesign.mw.tu-dresden.de\/blog\/wp-content\/uploads\/knobloch-1-250x175.jpg 250w\" sizes=\"(max-width: 449px) 100vw, 449px\" \/><\/p>\n<p>Fachgerecht eingesetzte Forsttechnik ist die Grundvorrausetzung f\u00fcr eine nachhaltige, \u00f6kologische und \u00f6konomische Waldwirtschaft. Maschinen und Ger\u00e4te sind daher unverzichtbare Werkzeuge zur Umsetzung der waldbaulichen und betriebswirtschaftlichen Ziele des Waldbesitzers, ihr Einsatz verfolgt keinem Selbstzweck. Die maschinelle Bewirtschaftung der W\u00e4lder bringt jedoch auch Probleme mit sich.<\/p>\n<p>Waldb\u00f6den sind komplex strukturierte Hohl raumsysteme.\u00a0 Sie bestehen zum gro\u00dfen Teil aus gro\u00dfen und reich gegliederten, inneren Oberfl\u00e4chen, an denen zahlreiche chemische, physikalische und biologische Proze\u00dfketten ineinander greifen. Jedes Bodengef\u00fcge hat eine gewisse Stabilit\u00e4t gegen\u00fcber mechanischer Belastung. Verdichtung entsteht vor allem durch den hohen Kontaktfl\u00e4chendruck der Maschinen. Die Bodenstruktur des Waldes erm\u00f6glicht seine fl\u00e4chendeckende \u00f6kologische Funktionst\u00fcchtigkeit. Dort wo diese Struktur bei jeder Maschinenbefahrung beeintr\u00e4chtigt wird, werden die im Boden ablaufenden komplexen Stoffkreisl\u00e4ufe und Systemketten kurz- oder langfristig gest\u00f6rt oder gar zerst\u00f6rt.<\/p>\n<p>Im Fokus der Arbeit lag daher die Entwicklung neuer Konzeptans\u00e4tze f\u00fcr die\u00a0 bodenschonendende Fortbewegung zum Einsatz auf Waldboden. Diese Technologiesttudie wurde anschlie\u00dfend in einen beispielhaften Entwurf f\u00fcr eine Holzerntemaschine umgesetzt.<\/p>\n<p><img loading=\"lazy\" class=\"alignleft size-full wp-image-769\" title=\"harvest2\" src=\"http:\/\/technischesdesign.wcms-file3.tu-dresden.de\/blog\/wp-content\/uploads\/harvest2.jpg\" alt=\"harvest2\" width=\"500\" height=\"328\" srcset=\"https:\/\/technischesdesign.mw.tu-dresden.de\/blog\/wp-content\/uploads\/harvest2.jpg 500w, https:\/\/technischesdesign.mw.tu-dresden.de\/blog\/wp-content\/uploads\/harvest2-250x164.jpg 250w\" sizes=\"(max-width: 500px) 100vw, 500px\" \/><\/p>\n<p><img loading=\"lazy\" class=\"alignright size-full wp-image-807\" title=\"knobloch-3\" src=\"http:\/\/technischesdesign.wcms-file3.tu-dresden.de\/blog\/wp-content\/uploads\/knobloch-3.jpg\" alt=\"knobloch-3\" width=\"597\" height=\"394\" srcset=\"https:\/\/technischesdesign.mw.tu-dresden.de\/blog\/wp-content\/uploads\/knobloch-3.jpg 597w, https:\/\/technischesdesign.mw.tu-dresden.de\/blog\/wp-content\/uploads\/knobloch-3-150x100.jpg 150w, https:\/\/technischesdesign.mw.tu-dresden.de\/blog\/wp-content\/uploads\/knobloch-3-250x164.jpg 250w, https:\/\/technischesdesign.mw.tu-dresden.de\/blog\/wp-content\/uploads\/knobloch-3-500x329.jpg 500w\" sizes=\"(max-width: 597px) 100vw, 597px\" \/><\/p>\n","protected":false},"excerpt":{"rendered":"<p>Bearbeiter: Christian Knobloch Fachgerecht eingesetzte Forsttechnik ist die Grundvorrausetzung f\u00fcr eine nachhaltige, \u00f6kologische und \u00f6konomische Waldwirtschaft. Maschinen und Ger\u00e4te sind daher unverzichtbare Werkzeuge zur Umsetzung der waldbaulichen und betriebswirtschaftlichen Ziele des Waldbesitzers, ihr Einsatz verfolgt keinem Selbstzweck. Die maschinelle Bewirtschaftung der W\u00e4lder bringt jedoch auch Probleme mit sich. Waldb\u00f6den sind komplex strukturierte Hohl raumsysteme.\u00a0 Sie [&hellip;]<\/p>\n","protected":false},"author":1,"featured_media":0,"comment_status":"closed","ping_status":"open","sticky":false,"template":"","format":"standard","meta":[],"categories":[3,4],"tags":[86,31,160,38,28,163],"_links":{"self":[{"href":"https:\/\/technischesdesign.mw.tu-dresden.de\/blog\/wp-json\/wp\/v2\/posts\/186"}],"collection":[{"href":"https:\/\/technischesdesign.mw.tu-dresden.de\/blog\/wp-json\/wp\/v2\/posts"}],"about":[{"href":"https:\/\/technischesdesign.mw.tu-dresden.de\/blog\/wp-json\/wp\/v2\/types\/post"}],"author":[{"embeddable":true,"href":"https:\/\/technischesdesign.mw.tu-dresden.de\/blog\/wp-json\/wp\/v2\/users\/1"}],"replies":[{"embeddable":true,"href":"https:\/\/technischesdesign.mw.tu-dresden.de\/blog\/wp-json\/wp\/v2\/comments?post=186"}],"version-history":[{"count":10,"href":"https:\/\/technischesdesign.mw.tu-dresden.de\/blog\/wp-json\/wp\/v2\/posts\/186\/revisions"}],"predecessor-version":[{"id":1802,"href":"https:\/\/technischesdesign.mw.tu-dresden.de\/blog\/wp-json\/wp\/v2\/posts\/186\/revisions\/1802"}],"wp:attachment":[{"href":"https:\/\/technischesdesign.mw.tu-dresden.de\/blog\/wp-json\/wp\/v2\/media?parent=186"}],"wp:term":[{"taxonomy":"category","embeddable":true,"href":"https:\/\/technischesdesign.mw.tu-dresden.de\/blog\/wp-json\/wp\/v2\/categories?post=186"},{"taxonomy":"post_tag","embeddable":true,"href":"https:\/\/technischesdesign.mw.tu-dresden.de\/blog\/wp-json\/wp\/v2\/tags?post=186"}],"curies":[{"name":"wp","href":"https:\/\/api.w.org\/{rel}","templated":true}]}}