{"id":1770,"date":"2009-11-04T21:57:17","date_gmt":"2009-11-04T20:57:17","guid":{"rendered":"http:\/\/technischesdesign.wcms-file3.tu-dresden.de\/blog\/?p=1770"},"modified":"2009-11-16T16:58:01","modified_gmt":"2009-11-16T15:58:01","slug":"und-sonst-so-die-2","status":"publish","type":"post","link":"https:\/\/technischesdesign.mw.tu-dresden.de\/blog\/und-sonst-so-die-2\/","title":{"rendered":"und sonst so die 2."},"content":{"rendered":"<p><img loading=\"lazy\" class=\"alignnone size-full wp-image-450\" title=\"logo_uss\" src=\"http:\/\/www.designserversachsen.de\/wp-content\/uploads\/2009\/11\/logo_uss.png\" alt=\"logo_uss\" width=\"89\" height=\"90\" \/><\/p>\n<p>Freunde, Kollegen, Interessierte,<\/p>\n<p>wer nach der ersten Ausgabe von \u00bbundsonstso\u00ab Blut geleckt hat, bekommt nun mehr.<br \/>\nWer sonst nichts kennt, liest hier kurz weiter:<\/p>\n<p>Undsonstso &#8211; ein Blick \u00fcber den Tellerrand von Gestaltern, Ingenieuren und Kreativen mit Erz\u00e4hlenswertem aus Design, Graphik, Architektur, Typographie und Interaction. Dresden ist unser Ort der Ideen und M\u00f6glichkeiten. An jedem ersten Donnerstag im Monat soll dies von nun an bewiesen werden. Zwei mal 15 Minuten und gen\u00fcgend Zeit f\u00fcr Fragen und Diskussionen sollen helfen Dresden und seine Macher n\u00e4her kennen zu lernen.<\/p>\n<p>\/\/\/\/\/\/\/\/\/\/\/\/\/\/\/\/\/\/\/\/\/\/\/\/\/\/\/\/\/\/\/\/\/\/\/\/\/\/\/\/\/\/\/\/\/\/\/\/\/\/\/\/\/\/\/\/\/\/\/\/\/\/\/\/\/\/\/\/\/\/\/\/\/\/\/\/\/\/\/\/\/\/\/\/\/\/\/\/\/\/\/\/\/\/\/\/\/\/\/\/<\/p>\n<p>Am Donnerstag spricht Yanone \u00fcber die Gestaltung der \u00bbAmman\u00ab (einer Schriftenfamilie f\u00fcr die Jordanische Hauptstadt) und Thorsten Fentz (helt pro) \u00fcber die Entwicklung M\u00fctze-tragender Fahrradhelme.<\/p>\n<p>Kommt, werdet schlau und geht mit dem Gef\u00fchl, dass sich in Dresden einiges bewegt. Ihr m\u00fcsst nur zuh\u00f6ren. Und mitreden.<\/p>\n<p>Alles weitere findet ihr auf www.undsonstso.com. Dort k\u00f6nnt ihr euch \u00fcber Programm und Referenten informieren sowie euer Interesse bekunden, selbst einmal Erz\u00e4hlenswertes vorzutragen. Atomphysiker, Produktgestalter, T\u00fcftler, Mediziner, Soziologen, Webgestalter, K\u00fcnstler, Philosophen, Architekten, &#8230; teilt euch mit!<\/p>\n<p>\/\/\/\/\/\/\/\/\/\/\/\/\/\/\/\/\/\/\/\/\/\/\/\/\/\/\/\/\/\/\/\/\/\/\/\/\/\/\/\/\/\/\/\/\/\/\/\/\/\/\/\/\/\/\/\/\/\/\/\/\/\/\/\/\/\/\/\/\/\/\/\/\/\/\/\/\/\/\/\/\/\/\/\/\/\/\/\/\/\/\/\/\/\/\/\/\/\/\/\/<\/p>\n<p><a href=\"http:\/\/www.undsonstso.com\">UNDSONSTSO #2<\/a><br \/>\nFonts for Jordan &amp;<br \/>\nCaps for helmets<\/p>\n<p>Louisenstr. 64<br \/>\nClub der Republik<\/p>\n<p>5. November 09<br \/>\nEinlass \/\/ 19.00<br \/>\nBeginn \/\/ 19.30<br \/>\nDauer \/\/ 2h+ \/\/ f\u00fcr zwei Vortr\u00e4ge und jede Menge Fragen<\/p>\n<p>Getr\u00e4nke gibt es an der reich best\u00fcckten Bar.<\/p>\n","protected":false},"excerpt":{"rendered":"<p>Freunde, Kollegen, Interessierte, wer nach der ersten Ausgabe von \u00bbundsonstso\u00ab Blut geleckt hat, bekommt nun mehr. Wer sonst nichts kennt, liest hier kurz weiter: Undsonstso &#8211; ein Blick \u00fcber den Tellerrand von Gestaltern, Ingenieuren und Kreativen mit Erz\u00e4hlenswertem aus Design, Graphik, Architektur, Typographie und Interaction. Dresden ist unser Ort der Ideen und M\u00f6glichkeiten. An jedem [&hellip;]<\/p>\n","protected":false},"author":6,"featured_media":0,"comment_status":"open","ping_status":"open","sticky":false,"template":"","format":"standard","meta":[],"categories":[81],"tags":[107,53],"_links":{"self":[{"href":"https:\/\/technischesdesign.mw.tu-dresden.de\/blog\/wp-json\/wp\/v2\/posts\/1770"}],"collection":[{"href":"https:\/\/technischesdesign.mw.tu-dresden.de\/blog\/wp-json\/wp\/v2\/posts"}],"about":[{"href":"https:\/\/technischesdesign.mw.tu-dresden.de\/blog\/wp-json\/wp\/v2\/types\/post"}],"author":[{"embeddable":true,"href":"https:\/\/technischesdesign.mw.tu-dresden.de\/blog\/wp-json\/wp\/v2\/users\/6"}],"replies":[{"embeddable":true,"href":"https:\/\/technischesdesign.mw.tu-dresden.de\/blog\/wp-json\/wp\/v2\/comments?post=1770"}],"version-history":[{"count":3,"href":"https:\/\/technischesdesign.mw.tu-dresden.de\/blog\/wp-json\/wp\/v2\/posts\/1770\/revisions"}],"predecessor-version":[{"id":1772,"href":"https:\/\/technischesdesign.mw.tu-dresden.de\/blog\/wp-json\/wp\/v2\/posts\/1770\/revisions\/1772"}],"wp:attachment":[{"href":"https:\/\/technischesdesign.mw.tu-dresden.de\/blog\/wp-json\/wp\/v2\/media?parent=1770"}],"wp:term":[{"taxonomy":"category","embeddable":true,"href":"https:\/\/technischesdesign.mw.tu-dresden.de\/blog\/wp-json\/wp\/v2\/categories?post=1770"},{"taxonomy":"post_tag","embeddable":true,"href":"https:\/\/technischesdesign.mw.tu-dresden.de\/blog\/wp-json\/wp\/v2\/tags?post=1770"}],"curies":[{"name":"wp","href":"https:\/\/api.w.org\/{rel}","templated":true}]}}