{"id":1719,"date":"2009-10-10T17:18:26","date_gmt":"2009-10-10T16:18:26","guid":{"rendered":"http:\/\/technischesdesign.wcms-file3.tu-dresden.de\/blog\/?p=1719"},"modified":"2009-10-11T11:32:32","modified_gmt":"2009-10-11T10:32:32","slug":"deutscher-marken-und-designkongress-2009-in-dresden","status":"publish","type":"post","link":"https:\/\/technischesdesign.mw.tu-dresden.de\/blog\/deutscher-marken-und-designkongress-2009-in-dresden\/","title":{"rendered":"Deutscher Marken- und Designkongress 2009 in Dresden"},"content":{"rendered":"<p><img loading=\"lazy\" class=\"alignnone size-full wp-image-1720\" title=\"dmdk09_visual_450\" src=\"http:\/\/technischesdesign.wcms-file3.tu-dresden.de\/blog\/wp-content\/uploads\/dmdk09_visual_450.jpg\" alt=\"dmdk09_visual_450\" width=\"450\" height=\"317\" srcset=\"https:\/\/technischesdesign.mw.tu-dresden.de\/blog\/wp-content\/uploads\/dmdk09_visual_450.jpg 450w, https:\/\/technischesdesign.mw.tu-dresden.de\/blog\/wp-content\/uploads\/dmdk09_visual_450-250x176.jpg 250w\" sizes=\"(max-width: 450px) 100vw, 450px\" \/><\/p>\n<p>Ein wenig f\u00fchlen wir uns geehrt den ersten Deutschen Marken- und Designkongress in Dresden haben zu d\u00fcrfen und noch viel mehr sind wir gespannt, was er an Information, Emotionen und vor allem an nachhaltigen Impulsen f\u00fcr die Designszene in Stadt und Land bringen wird.<\/p>\n<blockquote><p>\u201e<strong>Designing Sustainable Luxury<\/strong>\u201c, unter diesem Titel l\u00e4dt der Rat f\u00fcr Formgebung am 25. und 26. November 2009 zum ersten <a href=\"http:\/\/www.german-design-council.de\/index.php?id=1416\">Deutschen Marken- und Designkongress<\/a> nach Dresden ein. Teilnehmer erhalten Einblicke in Strategien erfolgreicher Luxusmarken wie A. Lange &amp; S\u00f6hne, Porsche Design oder Meissen und erleben Sie Dresden, den Ursprung der deutschen Luxusmanufakturen.<\/p>\n<p>Als Referenten haben bereits Roland Heiler, Porsche Design, Manfredi Ricca, Interbrand Italia, Dr. Christian Kurtzke, Staatliche Porzellan-Manufaktur Meissen GmbH, Christian und Michael Sieger, sieger design GmbH &amp; Co. KG, Henning Schindler, A. Lange &amp; S\u00f6hne, und Prof. Dr. Martin Roth, Staatliche Kunstsammlungen Dresden, zugesagt.<\/p><\/blockquote>\n<p><a href=\"http:\/\/www.german-design-council.de\/index.php?id=1435\" target=\"_blank\"><\/a><\/p>\n","protected":false},"excerpt":{"rendered":"<p>Ein wenig f\u00fchlen wir uns geehrt den ersten Deutschen Marken- und Designkongress in Dresden haben zu d\u00fcrfen und noch viel mehr sind wir gespannt, was er an Information, Emotionen und vor allem an nachhaltigen Impulsen f\u00fcr die Designszene in Stadt und Land bringen wird. \u201eDesigning Sustainable Luxury\u201c, unter diesem Titel l\u00e4dt der Rat f\u00fcr Formgebung [&hellip;]<\/p>\n","protected":false},"author":6,"featured_media":0,"comment_status":"open","ping_status":"open","sticky":false,"template":"","format":"standard","meta":[],"categories":[81],"tags":[107,53,57,109,76],"_links":{"self":[{"href":"https:\/\/technischesdesign.mw.tu-dresden.de\/blog\/wp-json\/wp\/v2\/posts\/1719"}],"collection":[{"href":"https:\/\/technischesdesign.mw.tu-dresden.de\/blog\/wp-json\/wp\/v2\/posts"}],"about":[{"href":"https:\/\/technischesdesign.mw.tu-dresden.de\/blog\/wp-json\/wp\/v2\/types\/post"}],"author":[{"embeddable":true,"href":"https:\/\/technischesdesign.mw.tu-dresden.de\/blog\/wp-json\/wp\/v2\/users\/6"}],"replies":[{"embeddable":true,"href":"https:\/\/technischesdesign.mw.tu-dresden.de\/blog\/wp-json\/wp\/v2\/comments?post=1719"}],"version-history":[{"count":6,"href":"https:\/\/technischesdesign.mw.tu-dresden.de\/blog\/wp-json\/wp\/v2\/posts\/1719\/revisions"}],"predecessor-version":[{"id":1727,"href":"https:\/\/technischesdesign.mw.tu-dresden.de\/blog\/wp-json\/wp\/v2\/posts\/1719\/revisions\/1727"}],"wp:attachment":[{"href":"https:\/\/technischesdesign.mw.tu-dresden.de\/blog\/wp-json\/wp\/v2\/media?parent=1719"}],"wp:term":[{"taxonomy":"category","embeddable":true,"href":"https:\/\/technischesdesign.mw.tu-dresden.de\/blog\/wp-json\/wp\/v2\/categories?post=1719"},{"taxonomy":"post_tag","embeddable":true,"href":"https:\/\/technischesdesign.mw.tu-dresden.de\/blog\/wp-json\/wp\/v2\/tags?post=1719"}],"curies":[{"name":"wp","href":"https:\/\/api.w.org\/{rel}","templated":true}]}}