{"id":9171,"date":"2022-06-13T17:50:28","date_gmt":"2022-06-13T16:50:28","guid":{"rendered":"https:\/\/technischesdesign.mw.tu-dresden.de\/blog\/?p=9171"},"modified":"2022-06-13T18:14:55","modified_gmt":"2022-06-13T17:14:55","slug":"diplomarbeit-autonomes-cargofahrzeug-fuer-paketzustellung","status":"publish","type":"post","link":"http:\/\/technischesdesign.mw.tu-dresden.de\/blog\/diplomarbeit-autonomes-cargofahrzeug-fuer-paketzustellung\/","title":{"rendered":"DIPLOMARBEIT: &#8222;DAVID &#8211; Autonomes Cargofahrzeug f\u00fcr die Paketzustellung auf der letzten Meile in urbaner Umgebung&#8220;"},"content":{"rendered":"\n<p><\/p>\n\n\n\n<p>Heute fand die Diplomverteidigung von Jan Ljubimov statt. In seiner Arbeit hat er ein &#8222;Konzept f\u00fcr ein autonomes Cargofahrzeug f\u00fcr die Paketzustellung entworfen. Dabei geht es nicht nur um das Design des Fahrzeugs an sich, sondern auch um den Paketzustelldienst von morgen &#8211; mit einem Service-Kozept und dazugeh\u00f6rigem Interface f\u00fcr Kunden und Zusteller.<\/p>\n\n\n\n<p><\/p>\n\n\n\n<div class=\"wp-block-cover is-light\"><span aria-hidden=\"true\" class=\"wp-block-cover__background has-background-dim\"><\/span><img loading=\"lazy\" width=\"724\" height=\"654\" class=\"wp-block-cover__image-background wp-image-9173\" alt=\"\" src=\"https:\/\/technischesdesign.mw.tu-dresden.de\/blog\/wp-content\/uploads\/jan-3.png\" data-object-fit=\"cover\" srcset=\"http:\/\/technischesdesign.mw.tu-dresden.de\/blog\/wp-content\/uploads\/jan-3.png 724w, http:\/\/technischesdesign.mw.tu-dresden.de\/blog\/wp-content\/uploads\/jan-3-250x226.png 250w, http:\/\/technischesdesign.mw.tu-dresden.de\/blog\/wp-content\/uploads\/jan-3-500x452.png 500w, http:\/\/technischesdesign.mw.tu-dresden.de\/blog\/wp-content\/uploads\/jan-3-300x271.png 300w\" sizes=\"(max-width: 724px) 100vw, 724px\" \/><div class=\"wp-block-cover__inner-container\">\n<p class=\"has-text-align-center has-large-font-size\"><\/p>\n<\/div><\/div>\n\n\n\n<p><\/p>\n\n\n\n<p>Lest mehr \u00fcber das Thema in der Kurzfassung zu seiner Arbeit: <\/p>\n\n\n\n<p>Das starke Wachstum des Online-Handels und der damit verbundene Anstieg der Lieferverkehre f\u00fchren zu einem erh\u00f6hten Ausma\u00df an Zustellarbeit bei Kurier-, Express- und Paketdienstleistern. Ein Gro\u00dfteil der Sendungen entf\u00e4llt dabei auf den Ballungsraum Stadt und wird von Paketdienstanbietern bew\u00e4ltigt, welche bereits heute an ihren Kapazit\u00e4tsgrenzen agieren. Diese sehen sich neben steigenden Sendungsmengen mit einer Vielzahl weiterer Herausforderungen wie dem Fachkr\u00e4ftemangel, der \u00fcberlasteten urbanen Infrastruktur, steigenden Anforderungen von Kommunen und Kunden aber auch gro\u00dfem Kostendruck auf der Letzten Meile konfrontiert. In der vorliegenden Diplomarbeit wurde ein Entwurf f\u00fcr ein autonomes Cargo-Fahrzeug f\u00fcr die Paketzustellung auf der Letzten Meile erarbeitet. Ziel dabei war es, einen L\u00f6sungsvorschlag zu entwickeln, der Herausforderungen der urbanen Paketlogistik begegnet. Entstanden ist ein aus drei Komponenten bestehendes Zustellkonzept, welches durch die Integration eines innerst\u00e4dtischen Mikro-Hubs die letzte Meile verk\u00fcrzt und ein autonomes Zustellfahrzeug als Unterst\u00fctzung f\u00fcr den Zusteller in den Prozess integriert. <\/p>\n\n\n\n<p><\/p>\n\n\n\n<figure class=\"wp-block-image size-full is-resized\"><img loading=\"lazy\" src=\"https:\/\/technischesdesign.mw.tu-dresden.de\/blog\/wp-content\/uploads\/jan-5.png\" alt=\"\" class=\"wp-image-9175\" width=\"839\" height=\"821\" srcset=\"http:\/\/technischesdesign.mw.tu-dresden.de\/blog\/wp-content\/uploads\/jan-5.png 800w, http:\/\/technischesdesign.mw.tu-dresden.de\/blog\/wp-content\/uploads\/jan-5-250x245.png 250w, http:\/\/technischesdesign.mw.tu-dresden.de\/blog\/wp-content\/uploads\/jan-5-500x489.png 500w, http:\/\/technischesdesign.mw.tu-dresden.de\/blog\/wp-content\/uploads\/jan-5-768x752.png 768w, http:\/\/technischesdesign.mw.tu-dresden.de\/blog\/wp-content\/uploads\/jan-5-300x294.png 300w, http:\/\/technischesdesign.mw.tu-dresden.de\/blog\/wp-content\/uploads\/jan-5-750x734.png 750w\" sizes=\"(max-width: 839px) 100vw, 839px\" \/><\/figure>\n\n\n\n<p><\/p>\n\n\n\n<p>F\u00fcr den Entwurf des autonomen Zustellfahrzeugs wurden nach einer umfangreichen Analyse m\u00f6gliche Zukunftsszenarien f\u00fcr die Probleme der Paketzustellung auf der Letzten Meile erarbeitet, entsprechende Zustellkonzepte abgeleitet und mit definierten Bewertungskriterien eine Entscheidung f\u00fcr ein auszuarbeitendes Konzept getroffen. Im weiteren Verlauf der Arbeit wurde das autonome Fahrzeug f\u00fcr die Paketzustellung als auch das zum Gesamtkonzept geh\u00f6rende Mikro-Hub entworfen und in Form von CAD- und VR-Modellen umgesetzt. Neben der physischen Gestaltung von Fahrzeug und Mikro-Hub wurden drei digitale Bedienapplikationen entworfen, welche die Bedienung des Fahrzeugs durch unterschiedliche Nutzer erlauben.<\/p>\n\n\n\n<p><\/p>\n\n\n\n<div class=\"wp-container-1 wp-block-group alignwide\"><div class=\"wp-block-group__inner-container\">\n<figure class=\"wp-block-image is-resized\"><img loading=\"lazy\" src=\"https:\/\/technischesdesign.mw.tu-dresden.de\/blog\/wp-content\/uploads\/jan-2.png\" alt=\"\" class=\"wp-image-9174\" width=\"840\" height=\"1036\" srcset=\"http:\/\/technischesdesign.mw.tu-dresden.de\/blog\/wp-content\/uploads\/jan-2.png 608w, http:\/\/technischesdesign.mw.tu-dresden.de\/blog\/wp-content\/uploads\/jan-2-250x308.png 250w, http:\/\/technischesdesign.mw.tu-dresden.de\/blog\/wp-content\/uploads\/jan-2-486x600.png 486w, http:\/\/technischesdesign.mw.tu-dresden.de\/blog\/wp-content\/uploads\/jan-2-300x370.png 300w\" sizes=\"(max-width: 840px) 100vw, 840px\" \/><\/figure>\n\n\n\n<p><\/p>\n\n\n\n<p>Neben Jans Diplomverteidigung haben noch Andrei Ermoshin und Philipp Spiridi ihre Belegarbeiten verteidigt. Andrei hat sich mit Entwurf und Entwicklung eines Wearables zur Unterst\u00fctzung des bewussten Atmens im Yoga besch\u00e4ftigt. Philipp hat ein Konzept zu einer Menschroboter-Kollaboration im Kontext der Geb\u00e4udesanierung entwickelt. Sein Konzept ist der \u201eCarpenter\u201c, ein Schleif-Roboter-System f\u00fcr Holzbearbeitung.<\/p>\n<\/div><\/div>\n\n\n\n<p><\/p>\n","protected":false},"excerpt":{"rendered":"<p>Heute fand die Diplomverteidigung von Jan Ljubimov statt. In seiner Arbeit hat er ein &#8222;Konzept f\u00fcr ein autonomes Cargofahrzeug f\u00fcr die Paketzustellung entworfen. Dabei geht es nicht nur um das Design des Fahrzeugs an sich, sondern auch um den Paketzustelldienst von morgen &#8211; mit einem Service-Kozept und dazugeh\u00f6rigem Interface f\u00fcr Kunden und Zusteller. Lest mehr [&hellip;]<\/p>\n","protected":false},"author":1,"featured_media":9173,"comment_status":"closed","ping_status":"open","sticky":false,"template":"","format":"standard","meta":[],"categories":[4,6],"tags":[50,51,319,36],"_links":{"self":[{"href":"http:\/\/technischesdesign.mw.tu-dresden.de\/blog\/wp-json\/wp\/v2\/posts\/9171"}],"collection":[{"href":"http:\/\/technischesdesign.mw.tu-dresden.de\/blog\/wp-json\/wp\/v2\/posts"}],"about":[{"href":"http:\/\/technischesdesign.mw.tu-dresden.de\/blog\/wp-json\/wp\/v2\/types\/post"}],"author":[{"embeddable":true,"href":"http:\/\/technischesdesign.mw.tu-dresden.de\/blog\/wp-json\/wp\/v2\/users\/1"}],"replies":[{"embeddable":true,"href":"http:\/\/technischesdesign.mw.tu-dresden.de\/blog\/wp-json\/wp\/v2\/comments?post=9171"}],"version-history":[{"count":7,"href":"http:\/\/technischesdesign.mw.tu-dresden.de\/blog\/wp-json\/wp\/v2\/posts\/9171\/revisions"}],"predecessor-version":[{"id":9187,"href":"http:\/\/technischesdesign.mw.tu-dresden.de\/blog\/wp-json\/wp\/v2\/posts\/9171\/revisions\/9187"}],"wp:featuredmedia":[{"embeddable":true,"href":"http:\/\/technischesdesign.mw.tu-dresden.de\/blog\/wp-json\/wp\/v2\/media\/9173"}],"wp:attachment":[{"href":"http:\/\/technischesdesign.mw.tu-dresden.de\/blog\/wp-json\/wp\/v2\/media?parent=9171"}],"wp:term":[{"taxonomy":"category","embeddable":true,"href":"http:\/\/technischesdesign.mw.tu-dresden.de\/blog\/wp-json\/wp\/v2\/categories?post=9171"},{"taxonomy":"post_tag","embeddable":true,"href":"http:\/\/technischesdesign.mw.tu-dresden.de\/blog\/wp-json\/wp\/v2\/tags?post=9171"}],"curies":[{"name":"wp","href":"https:\/\/api.w.org\/{rel}","templated":true}]}}