{"id":8292,"date":"2018-10-22T14:59:14","date_gmt":"2018-10-22T13:59:14","guid":{"rendered":"http:\/\/technischesdesign.mw.tu-dresden.de\/blog\/?p=8292"},"modified":"2018-10-22T14:59:14","modified_gmt":"2018-10-22T13:59:14","slug":"konferenz-entwerfen-entwickeln-erleben-eee2019-beitragsanmeldung-noch-offen-teilnahmeanmeldung-jetzt-moeglich","status":"publish","type":"post","link":"http:\/\/technischesdesign.mw.tu-dresden.de\/blog\/konferenz-entwerfen-entwickeln-erleben-eee2019-beitragsanmeldung-noch-offen-teilnahmeanmeldung-jetzt-moeglich\/","title":{"rendered":"Konferenz Entwerfen Entwickeln Erleben EEE2019: Beitragsanmeldung noch offen, Teilnahmeanmeldung jetzt m\u00f6glich"},"content":{"rendered":"<p>Die Konferenz <a href=\"http:\/\/www.eee-dresden.de\">Entwerfen Entwickeln Erleben<\/a> bietet bereits zum vierten Mal ein einzigartiges Konferenz- und Ausstellungsformat zum Austausch zwischen Wissenschaft und Praxis in Produktentwicklung und Design.<br \/>\nAm 27. und 28. Juni 2019 erm\u00f6glichen die Professuren Konstruktionstechnik\/CAD und Technisches Design der Technischen Universit\u00e4t Dresden in Kooperation mit weiteren Partnern den maximal 250 Teilnehmern die fach\u00fcbergreifende Diskussion zu den Themen<\/p>\n<ul>\n<li>Interdisziplin\u00e4rer Entwurf adaptiver Produktsysteme,<\/li>\n<li>Entwickeln vernetzter Anwendungen f\u00fcr Industrie 4.0,<\/li>\n<li>Konstruktion mit hybriden Werkstoffen und f\u00fcr additive Fertigungsprozesse,<\/li>\n<li>Entwicklungsunterst\u00fctzung durch Produktdatenmanagement und VR\/AR,<\/li>\n<li>Design nutzerzentriertem Erleben komplexer Produkt-Service-Systeme.<\/li>\n<\/ul>\n<p>\u00dcbergreifend soll das zuk\u00fcnftige Verh\u00e4ltnis von Mensch und Technik unter Ber\u00fccksichtigung sozialer wie gesellschaftlicher Rahmenbedingungen diskutiert werden und Produktvisionen die enge Verzahnung von Produktentwicklung und Industriedesign aufzeigen.<\/p>\n<p>Die Anmeldung zur Teilnahme ist jetzt m\u00f6glich, Beitr\u00e4ge k\u00f6nnen als Kurzfassungen noch bis zum 9. November auf <a href=\"http:\/\/eee2019.de\">eee2019.de<\/a> eingereicht werden.<\/p>\n","protected":false},"excerpt":{"rendered":"<p>Die Konferenz Entwerfen Entwickeln Erleben bietet bereits zum vierten Mal ein einzigartiges Konferenz- und Ausstellungsformat zum Austausch zwischen Wissenschaft und Praxis in Produktentwicklung und Design. Am 27. und 28. Juni 2019 erm\u00f6glichen die Professuren Konstruktionstechnik\/CAD und Technisches Design der Technischen Universit\u00e4t Dresden in Kooperation mit weiteren Partnern den maximal 250 Teilnehmern die fach\u00fcbergreifende Diskussion zu [&hellip;]<\/p>\n","protected":false},"author":2,"featured_media":8294,"comment_status":"closed","ping_status":"open","sticky":false,"template":"","format":"standard","meta":[],"categories":[3,5],"tags":[46,47,57,160,99],"_links":{"self":[{"href":"http:\/\/technischesdesign.mw.tu-dresden.de\/blog\/wp-json\/wp\/v2\/posts\/8292"}],"collection":[{"href":"http:\/\/technischesdesign.mw.tu-dresden.de\/blog\/wp-json\/wp\/v2\/posts"}],"about":[{"href":"http:\/\/technischesdesign.mw.tu-dresden.de\/blog\/wp-json\/wp\/v2\/types\/post"}],"author":[{"embeddable":true,"href":"http:\/\/technischesdesign.mw.tu-dresden.de\/blog\/wp-json\/wp\/v2\/users\/2"}],"replies":[{"embeddable":true,"href":"http:\/\/technischesdesign.mw.tu-dresden.de\/blog\/wp-json\/wp\/v2\/comments?post=8292"}],"version-history":[{"count":1,"href":"http:\/\/technischesdesign.mw.tu-dresden.de\/blog\/wp-json\/wp\/v2\/posts\/8292\/revisions"}],"predecessor-version":[{"id":8295,"href":"http:\/\/technischesdesign.mw.tu-dresden.de\/blog\/wp-json\/wp\/v2\/posts\/8292\/revisions\/8295"}],"wp:featuredmedia":[{"embeddable":true,"href":"http:\/\/technischesdesign.mw.tu-dresden.de\/blog\/wp-json\/wp\/v2\/media\/8294"}],"wp:attachment":[{"href":"http:\/\/technischesdesign.mw.tu-dresden.de\/blog\/wp-json\/wp\/v2\/media?parent=8292"}],"wp:term":[{"taxonomy":"category","embeddable":true,"href":"http:\/\/technischesdesign.mw.tu-dresden.de\/blog\/wp-json\/wp\/v2\/categories?post=8292"},{"taxonomy":"post_tag","embeddable":true,"href":"http:\/\/technischesdesign.mw.tu-dresden.de\/blog\/wp-json\/wp\/v2\/tags?post=8292"}],"curies":[{"name":"wp","href":"https:\/\/api.w.org\/{rel}","templated":true}]}}