{"id":7463,"date":"2017-04-12T09:40:40","date_gmt":"2017-04-12T08:40:40","guid":{"rendered":"http:\/\/technischesdesign.mw.tu-dresden.de\/blog\/?p=7463"},"modified":"2017-04-12T08:40:27","modified_gmt":"2017-04-12T07:40:27","slug":"vorlesung-farbe-und-material","status":"publish","type":"post","link":"http:\/\/technischesdesign.mw.tu-dresden.de\/blog\/vorlesung-farbe-und-material\/","title":{"rendered":"Vorlesung: Farbe und Material"},"content":{"rendered":"<p>Kommen wir zur Vorstellung der zweiten Lehrveranstaltung des Moduls Gestalterischen Grundlagen: Farbe und Material.<\/p>\n<p>Die Vorlesung dazu \u00a0beginnt mit dem wissenschaftlichem Hintergrund des Ph\u00e4nomens Farbe. Darunter z\u00e4hlen die physikalischen Grundlagen, die Farbwahrnehmung und die Farbsystematisierung. Durch elementare systematische \u00dcbungen zur Sensibilisierung und dem Umgang mit den Grundgr\u00f6\u00dfen der Farbe,\u00a0werden von den Studierenden parallel Belege, wie die Graureihe und das Ostwald-Farbdreieck angefertigt (inklusive Farbmischung).<\/p>\n<p>Die Vorlesung behandelt im zweiten Teil die praktische Anwendung von Farbe und Material. Dabei werden die Anwendungsbereiche Kunst, Kultur, Architektur und Design betrachtet. Dazu werden praktisch<span style=\"font-family: robotolight, roboto; font-size: 15px;\">\u00a0komplexere Farb- und Materialgestaltungen in Belegform erarbeitet, wie zum Beispiel die Anwendung in einem Fahrzeuginterior.<\/span><\/p>\n<p><a href=\"http:\/\/technischesdesign.mw.tu-dresden.de\/blog\/wp-content\/uploads\/f647902e-9b62-4c86-875f-fc5c1fbfba3f.jpeg\"><img loading=\"lazy\" class=\"alignnone size-full wp-image-7464\" alt=\"f647902e-9b62-4c86-875f-fc5c1fbfba3f\" src=\"http:\/\/technischesdesign.mw.tu-dresden.de\/blog\/wp-content\/uploads\/f647902e-9b62-4c86-875f-fc5c1fbfba3f.jpeg\" width=\"1120\" height=\"331\" srcset=\"http:\/\/technischesdesign.mw.tu-dresden.de\/blog\/wp-content\/uploads\/f647902e-9b62-4c86-875f-fc5c1fbfba3f.jpeg 1120w, http:\/\/technischesdesign.mw.tu-dresden.de\/blog\/wp-content\/uploads\/f647902e-9b62-4c86-875f-fc5c1fbfba3f-250x73.jpeg 250w, http:\/\/technischesdesign.mw.tu-dresden.de\/blog\/wp-content\/uploads\/f647902e-9b62-4c86-875f-fc5c1fbfba3f-500x147.jpeg 500w, http:\/\/technischesdesign.mw.tu-dresden.de\/blog\/wp-content\/uploads\/f647902e-9b62-4c86-875f-fc5c1fbfba3f-300x88.jpeg 300w, http:\/\/technischesdesign.mw.tu-dresden.de\/blog\/wp-content\/uploads\/f647902e-9b62-4c86-875f-fc5c1fbfba3f-750x221.jpeg 750w\" sizes=\"(max-width: 1120px) 100vw, 1120px\" \/><\/a><\/p>\n<p>(Beleg von Frank Apitz)<\/p>\n","protected":false},"excerpt":{"rendered":"<p>Kommen wir zur Vorstellung der zweiten Lehrveranstaltung des Moduls Gestalterischen Grundlagen: Farbe und Material. Die Vorlesung dazu \u00a0beginnt mit dem wissenschaftlichem Hintergrund des Ph\u00e4nomens Farbe. Darunter z\u00e4hlen die physikalischen Grundlagen, die Farbwahrnehmung und die Farbsystematisierung. Durch elementare systematische \u00dcbungen zur Sensibilisierung und dem Umgang mit den Grundgr\u00f6\u00dfen der Farbe,\u00a0werden von den Studierenden parallel Belege, wie [&hellip;]<\/p>\n","protected":false},"author":1,"featured_media":7466,"comment_status":"closed","ping_status":"open","sticky":false,"template":"","format":"standard","meta":[],"categories":[4,6],"tags":[91,525,336],"_links":{"self":[{"href":"http:\/\/technischesdesign.mw.tu-dresden.de\/blog\/wp-json\/wp\/v2\/posts\/7463"}],"collection":[{"href":"http:\/\/technischesdesign.mw.tu-dresden.de\/blog\/wp-json\/wp\/v2\/posts"}],"about":[{"href":"http:\/\/technischesdesign.mw.tu-dresden.de\/blog\/wp-json\/wp\/v2\/types\/post"}],"author":[{"embeddable":true,"href":"http:\/\/technischesdesign.mw.tu-dresden.de\/blog\/wp-json\/wp\/v2\/users\/1"}],"replies":[{"embeddable":true,"href":"http:\/\/technischesdesign.mw.tu-dresden.de\/blog\/wp-json\/wp\/v2\/comments?post=7463"}],"version-history":[{"count":2,"href":"http:\/\/technischesdesign.mw.tu-dresden.de\/blog\/wp-json\/wp\/v2\/posts\/7463\/revisions"}],"predecessor-version":[{"id":7468,"href":"http:\/\/technischesdesign.mw.tu-dresden.de\/blog\/wp-json\/wp\/v2\/posts\/7463\/revisions\/7468"}],"wp:featuredmedia":[{"embeddable":true,"href":"http:\/\/technischesdesign.mw.tu-dresden.de\/blog\/wp-json\/wp\/v2\/media\/7466"}],"wp:attachment":[{"href":"http:\/\/technischesdesign.mw.tu-dresden.de\/blog\/wp-json\/wp\/v2\/media?parent=7463"}],"wp:term":[{"taxonomy":"category","embeddable":true,"href":"http:\/\/technischesdesign.mw.tu-dresden.de\/blog\/wp-json\/wp\/v2\/categories?post=7463"},{"taxonomy":"post_tag","embeddable":true,"href":"http:\/\/technischesdesign.mw.tu-dresden.de\/blog\/wp-json\/wp\/v2\/tags?post=7463"}],"curies":[{"name":"wp","href":"https:\/\/api.w.org\/{rel}","templated":true}]}}