{"id":2641,"date":"2010-10-11T14:21:04","date_gmt":"2010-10-11T13:21:04","guid":{"rendered":"http:\/\/technischesdesign.wcms-file3.tu-dresden.de\/blog\/?p=2641"},"modified":"2011-07-15T19:44:08","modified_gmt":"2011-07-15T18:44:08","slug":"einfuhrungsveranstaltung-skizzierkurs-2","status":"publish","type":"post","link":"http:\/\/technischesdesign.mw.tu-dresden.de\/blog\/einfuhrungsveranstaltung-skizzierkurs-2\/","title":{"rendered":"Einf\u00fchrungsveranstaltung Skizzierkurs"},"content":{"rendered":"<p><img loading=\"lazy\" class=\"alignnone size-full wp-image-2640\" title=\"sk1011\" src=\"http:\/\/technischesdesign.wcms-file3.tu-dresden.de\/blog\/wp-content\/uploads\/sk1011.jpg\" alt=\"sk1011\" width=\"500\" height=\"333\" srcset=\"http:\/\/technischesdesign.mw.tu-dresden.de\/blog\/wp-content\/uploads\/sk1011.jpg 500w, http:\/\/technischesdesign.mw.tu-dresden.de\/blog\/wp-content\/uploads\/sk1011-150x100.jpg 150w, http:\/\/technischesdesign.mw.tu-dresden.de\/blog\/wp-content\/uploads\/sk1011-250x166.jpg 250w\" sizes=\"(max-width: 500px) 100vw, 500px\" \/><\/p>\n<p>F\u00fcr das erste Semester Grundstudium Maschinenbau finden zu folgenden Terminen die Einf\u00fchrungsveranstaltungen zum <a href=\"http:\/\/tu-dresden.de\/die_tu_dresden\/fakultaeten\/fakultaet_maschinenwesen\/imm\/ktc\/td\/lehre\/grundlagen\/skizzierkurs\">Kurs Konstruktives Freihandzeichnen <\/a>statt.<\/p>\n<p>Seminargruppe 01-07: Mo 11.10. 16:40<br \/>\nSeminargruppe 08-14: Mi 13.10. 14:50<br \/>\nSeminargruppe 15-21: Do 14.10. 16:40<\/p>\n<p>Raum: ABS\/03\/H  (August-Bebel-Stra\u00dfe)<\/p>\n<p>In der Veranstaltung werden die Ziele und Schwerpunkte f\u00fcr den viersemestrigen Kurs dargestellt und \u00fcber die Einschreibmodalit\u00e4ten informiert. Dabei gibt es einen <a href=\"http:\/\/prezi.com\/dxmiatd_f3he\/einfuhrung-technisches-design\/\">\u00dcberblick zum Technischen Design<\/a> und einig kurze <a href=\"http:\/\/prezi.com\/oxiy2ffofiq7\/freihandzeichnen-eine-einfuhrung\/\">Gedanken zum Zeichnen<\/a>.<\/p>\n<p>Die Kurse f\u00fcr das dritte Semester beginnen ab dem 18. Oktober. Die <a href=\"https:\/\/bildungsportal.sachsen.de\/opal\/auth\/repo\/go?rid=704741454\">Einschreibung ist ab sofort \u00fcber die Lernplattform Opal<\/a> m\u00f6glich. Die Einschreibung f\u00fcr das erste Semester startet am 15.10. 7 Uhr.<\/p>\n","protected":false},"excerpt":{"rendered":"<p>F\u00fcr das erste Semester Grundstudium Maschinenbau finden zu folgenden Terminen die Einf\u00fchrungsveranstaltungen zum Kurs Konstruktives Freihandzeichnen statt. Seminargruppe 01-07: Mo 11.10. 16:40 Seminargruppe 08-14: Mi 13.10. 14:50 Seminargruppe 15-21: Do 14.10. 16:40 Raum: ABS\/03\/H (August-Bebel-Stra\u00dfe) In der Veranstaltung werden die Ziele und Schwerpunkte f\u00fcr den viersemestrigen Kurs dargestellt und \u00fcber die Einschreibmodalit\u00e4ten informiert. Dabei gibt [&hellip;]<\/p>\n","protected":false},"author":1,"featured_media":0,"comment_status":"open","ping_status":"open","sticky":false,"template":"","format":"standard","meta":[],"categories":[4,6],"tags":[119,49,77],"_links":{"self":[{"href":"http:\/\/technischesdesign.mw.tu-dresden.de\/blog\/wp-json\/wp\/v2\/posts\/2641"}],"collection":[{"href":"http:\/\/technischesdesign.mw.tu-dresden.de\/blog\/wp-json\/wp\/v2\/posts"}],"about":[{"href":"http:\/\/technischesdesign.mw.tu-dresden.de\/blog\/wp-json\/wp\/v2\/types\/post"}],"author":[{"embeddable":true,"href":"http:\/\/technischesdesign.mw.tu-dresden.de\/blog\/wp-json\/wp\/v2\/users\/1"}],"replies":[{"embeddable":true,"href":"http:\/\/technischesdesign.mw.tu-dresden.de\/blog\/wp-json\/wp\/v2\/comments?post=2641"}],"version-history":[{"count":9,"href":"http:\/\/technischesdesign.mw.tu-dresden.de\/blog\/wp-json\/wp\/v2\/posts\/2641\/revisions"}],"predecessor-version":[{"id":2646,"href":"http:\/\/technischesdesign.mw.tu-dresden.de\/blog\/wp-json\/wp\/v2\/posts\/2641\/revisions\/2646"}],"wp:attachment":[{"href":"http:\/\/technischesdesign.mw.tu-dresden.de\/blog\/wp-json\/wp\/v2\/media?parent=2641"}],"wp:term":[{"taxonomy":"category","embeddable":true,"href":"http:\/\/technischesdesign.mw.tu-dresden.de\/blog\/wp-json\/wp\/v2\/categories?post=2641"},{"taxonomy":"post_tag","embeddable":true,"href":"http:\/\/technischesdesign.mw.tu-dresden.de\/blog\/wp-json\/wp\/v2\/tags?post=2641"}],"curies":[{"name":"wp","href":"https:\/\/api.w.org\/{rel}","templated":true}]}}