{"id":10602,"date":"2025-07-24T11:00:00","date_gmt":"2025-07-24T10:00:00","guid":{"rendered":"https:\/\/technischesdesign.mw.tu-dresden.de\/blog\/?p=10602"},"modified":"2025-07-21T17:59:14","modified_gmt":"2025-07-21T16:59:14","slug":"doppelte-nominierung-fuer-den-saechsischen-staatspreis-fuer-design-2025","status":"publish","type":"post","link":"http:\/\/technischesdesign.mw.tu-dresden.de\/blog\/doppelte-nominierung-fuer-den-saechsischen-staatspreis-fuer-design-2025\/","title":{"rendered":"Doppelte Nominierung f\u00fcr den S\u00e4chsischen Staatspreis f\u00fcr Design 2025"},"content":{"rendered":"\n<p>Wir sind \u00fcbergl\u00fccklich und stolz, dass gleich zwei unserer Projekte f\u00fcr den S\u00e4chsischen Staatspreis f\u00fcr Design 2025 nominiert wurden:<\/p>\n\n\n\n<h2><strong>veiio<\/strong><\/h2>\n\n\n\n<p>Das aus unserer Professur ausgegr\u00fcndete Startup veiio UG wurde mit seinem smarten Shirt f\u00fcr die Kategorie &#8222;Nachwuchsbereich&#8220; nominiert.<\/p>\n\n\n\n<p>Das veiio-Shirt unterst\u00fctzt Patient:innen mit R\u00fcckenschmerzen durch vibrotaktiles Feedback und sprachliche Anleitungen direkt am K\u00f6rper \u2013 f\u00fcr mehr Sicherheit, K\u00f6rpergef\u00fchl und Wirksamkeit zu Hause.<\/p>\n\n\n\n<p>Design ist hier nicht nur Mittel, sondern Schl\u00fcssel: nutzerzentriert, k\u00f6rpernah, mittels Co-Design Methoden gemeinsam mit Physiotherapeut:innen und Patient:innen entwickelt.<\/p>\n\n\n\n<figure class=\"wp-container-2 wp-block-gallery-1 wp-block-gallery has-nested-images columns-default is-cropped\">\n<figure class=\"wp-block-image size-large\"><img loading=\"lazy\" width=\"500\" height=\"600\" data-id=\"10605\"  src=\"https:\/\/technischesdesign.mw.tu-dresden.de\/blog\/wp-content\/uploads\/veiio-key-1-500x600.jpg\" alt=\"\" class=\"wp-image-10605\" srcset=\"http:\/\/technischesdesign.mw.tu-dresden.de\/blog\/wp-content\/uploads\/veiio-key-1-500x600.jpg 500w, http:\/\/technischesdesign.mw.tu-dresden.de\/blog\/wp-content\/uploads\/veiio-key-1-250x300.jpg 250w, http:\/\/technischesdesign.mw.tu-dresden.de\/blog\/wp-content\/uploads\/veiio-key-1-300x360.jpg 300w, http:\/\/technischesdesign.mw.tu-dresden.de\/blog\/wp-content\/uploads\/veiio-key-1.jpg 666w\" sizes=\"(max-width: 500px) 100vw, 500px\" \/><\/figure>\n\n\n\n<figure class=\"wp-block-image size-large\"><img loading=\"lazy\" width=\"500\" height=\"333\" data-id=\"10606\"  src=\"https:\/\/technischesdesign.mw.tu-dresden.de\/blog\/wp-content\/uploads\/matte-5-500x333.jpg\" alt=\"\" class=\"wp-image-10606\" srcset=\"http:\/\/technischesdesign.mw.tu-dresden.de\/blog\/wp-content\/uploads\/matte-5-500x333.jpg 500w, http:\/\/technischesdesign.mw.tu-dresden.de\/blog\/wp-content\/uploads\/matte-5-250x167.jpg 250w, http:\/\/technischesdesign.mw.tu-dresden.de\/blog\/wp-content\/uploads\/matte-5-150x100.jpg 150w, http:\/\/technischesdesign.mw.tu-dresden.de\/blog\/wp-content\/uploads\/matte-5-768x512.jpg 768w, http:\/\/technischesdesign.mw.tu-dresden.de\/blog\/wp-content\/uploads\/matte-5-1536x1024.jpg 1536w, http:\/\/technischesdesign.mw.tu-dresden.de\/blog\/wp-content\/uploads\/matte-5-2048x1365.jpg 2048w, http:\/\/technischesdesign.mw.tu-dresden.de\/blog\/wp-content\/uploads\/matte-5-300x200.jpg 300w, http:\/\/technischesdesign.mw.tu-dresden.de\/blog\/wp-content\/uploads\/matte-5-750x500.jpg 750w\" sizes=\"(max-width: 500px) 100vw, 500px\" \/><\/figure>\n<\/figure>\n\n\n\n<p><\/p>\n\n\n\n<h2><strong>Innomade TK100<\/strong><\/h2>\n\n\n\n<p>Der TK100 von innoMADE (Eidam) ist ein autonomer Feldroboter, der speziell f\u00fcr den Einsatz im Acker-, Gem\u00fcse- und Reihenkulturanbau entwickelt wurde. Dank seiner modularen Bauweise, drei Anbaur\u00e4umen (Front, Heck und Zwischenachse) sowie standardisierter Schnittstellen erm\u00f6glicht er den flexiblen Einsatz verschiedenster Anbauger\u00e4te, ohne dass eine Umr\u00fcstung bestehender Technik erforderlich ist. Ein herausragendes Merkmal ist die F\u00e4higkeit, bis zu drei Arbeitsprozesse gleichzeitig durchzuf\u00fchren.<\/p>\n\n\n\n<p>Der TK100 wurde mit besonderem Augenmerk auf Benutzerfreundlichkeit und einfache Wartung konzipiert. Die modulare Architektur erlaubt eine flexible Anpassung an unterschiedliche Einsatzszenarien und erleichtert Reparaturen und Upgrades. Das Design basiert auf diesen Prinzipien und konzentriert sich auf das Antriebsmodul als visuell auff\u00e4lligsten Teil der Maschine.<\/p>\n\n\n\n<figure class=\"wp-container-4 wp-block-gallery-3 wp-block-gallery has-nested-images columns-default is-cropped\">\n<figure class=\"wp-block-image size-large\"><img loading=\"lazy\" width=\"500\" height=\"308\" data-id=\"10611\"  src=\"https:\/\/technischesdesign.mw.tu-dresden.de\/blog\/wp-content\/uploads\/image44-500x308.jpg\" alt=\"\" class=\"wp-image-10611\" srcset=\"http:\/\/technischesdesign.mw.tu-dresden.de\/blog\/wp-content\/uploads\/image44-500x308.jpg 500w, http:\/\/technischesdesign.mw.tu-dresden.de\/blog\/wp-content\/uploads\/image44-250x154.jpg 250w, http:\/\/technischesdesign.mw.tu-dresden.de\/blog\/wp-content\/uploads\/image44-768x474.jpg 768w, http:\/\/technischesdesign.mw.tu-dresden.de\/blog\/wp-content\/uploads\/image44-1536x947.jpg 1536w, http:\/\/technischesdesign.mw.tu-dresden.de\/blog\/wp-content\/uploads\/image44-2048x1263.jpg 2048w, http:\/\/technischesdesign.mw.tu-dresden.de\/blog\/wp-content\/uploads\/image44-300x185.jpg 300w, http:\/\/technischesdesign.mw.tu-dresden.de\/blog\/wp-content\/uploads\/image44-750x463.jpg 750w\" sizes=\"(max-width: 500px) 100vw, 500px\" \/><\/figure>\n\n\n\n<figure class=\"wp-block-image size-large\"><img loading=\"lazy\" width=\"500\" height=\"333\" data-id=\"10612\"  src=\"https:\/\/technischesdesign.mw.tu-dresden.de\/blog\/wp-content\/uploads\/image43-500x333.jpg\" alt=\"\" class=\"wp-image-10612\" srcset=\"http:\/\/technischesdesign.mw.tu-dresden.de\/blog\/wp-content\/uploads\/image43-500x333.jpg 500w, http:\/\/technischesdesign.mw.tu-dresden.de\/blog\/wp-content\/uploads\/image43-250x167.jpg 250w, http:\/\/technischesdesign.mw.tu-dresden.de\/blog\/wp-content\/uploads\/image43-150x100.jpg 150w, http:\/\/technischesdesign.mw.tu-dresden.de\/blog\/wp-content\/uploads\/image43-768x512.jpg 768w, http:\/\/technischesdesign.mw.tu-dresden.de\/blog\/wp-content\/uploads\/image43-1536x1024.jpg 1536w, http:\/\/technischesdesign.mw.tu-dresden.de\/blog\/wp-content\/uploads\/image43-2048x1365.jpg 2048w, http:\/\/technischesdesign.mw.tu-dresden.de\/blog\/wp-content\/uploads\/image43-300x200.jpg 300w, http:\/\/technischesdesign.mw.tu-dresden.de\/blog\/wp-content\/uploads\/image43-750x500.jpg 750w\" sizes=\"(max-width: 500px) 100vw, 500px\" \/><\/figure>\n<\/figure>\n\n\n\n<p><\/p>\n\n\n\n<p>Ein gro\u00dfes Dankesch\u00f6n an alle, die die Projekte mit ihrer Kreativit\u00e4t, Hingabe und Expertise vorangebracht haben! Wir sind gespannt auf die finale Juryrunde im September.<\/p>\n","protected":false},"excerpt":{"rendered":"<p>Wir sind \u00fcbergl\u00fccklich und stolz, dass gleich zwei unserer Projekte f\u00fcr den S\u00e4chsischen Staatspreis f\u00fcr Design 2025 nominiert wurden: veiio Das aus unserer Professur ausgegr\u00fcndete Startup veiio UG wurde mit seinem smarten Shirt f\u00fcr die Kategorie &#8222;Nachwuchsbereich&#8220; nominiert. Das veiio-Shirt unterst\u00fctzt Patient:innen mit R\u00fcckenschmerzen durch vibrotaktiles Feedback und sprachliche Anleitungen direkt am K\u00f6rper \u2013 f\u00fcr [&hellip;]<\/p>\n","protected":false},"author":39,"featured_media":10604,"comment_status":"open","ping_status":"open","sticky":false,"template":"","format":"standard","meta":[],"categories":[81,3,5,6,42,643],"tags":[47,849,850,847,851,93,845,758,262,848,846],"_links":{"self":[{"href":"http:\/\/technischesdesign.mw.tu-dresden.de\/blog\/wp-json\/wp\/v2\/posts\/10602"}],"collection":[{"href":"http:\/\/technischesdesign.mw.tu-dresden.de\/blog\/wp-json\/wp\/v2\/posts"}],"about":[{"href":"http:\/\/technischesdesign.mw.tu-dresden.de\/blog\/wp-json\/wp\/v2\/types\/post"}],"author":[{"embeddable":true,"href":"http:\/\/technischesdesign.mw.tu-dresden.de\/blog\/wp-json\/wp\/v2\/users\/39"}],"replies":[{"embeddable":true,"href":"http:\/\/technischesdesign.mw.tu-dresden.de\/blog\/wp-json\/wp\/v2\/comments?post=10602"}],"version-history":[{"count":7,"href":"http:\/\/technischesdesign.mw.tu-dresden.de\/blog\/wp-json\/wp\/v2\/posts\/10602\/revisions"}],"predecessor-version":[{"id":10615,"href":"http:\/\/technischesdesign.mw.tu-dresden.de\/blog\/wp-json\/wp\/v2\/posts\/10602\/revisions\/10615"}],"wp:featuredmedia":[{"embeddable":true,"href":"http:\/\/technischesdesign.mw.tu-dresden.de\/blog\/wp-json\/wp\/v2\/media\/10604"}],"wp:attachment":[{"href":"http:\/\/technischesdesign.mw.tu-dresden.de\/blog\/wp-json\/wp\/v2\/media?parent=10602"}],"wp:term":[{"taxonomy":"category","embeddable":true,"href":"http:\/\/technischesdesign.mw.tu-dresden.de\/blog\/wp-json\/wp\/v2\/categories?post=10602"},{"taxonomy":"post_tag","embeddable":true,"href":"http:\/\/technischesdesign.mw.tu-dresden.de\/blog\/wp-json\/wp\/v2\/tags?post=10602"}],"curies":[{"name":"wp","href":"https:\/\/api.w.org\/{rel}","templated":true}]}}